{"id":164869,"date":"2017-06-26T09:34:52","date_gmt":"2017-06-26T07:34:52","guid":{"rendered":"http:\/\/www.fuldaer-nachrichten.de\/?p=164869"},"modified":"2017-06-26T09:34:52","modified_gmt":"2017-06-26T07:34:52","slug":"60-kinder-bekommen-ihr-kanu-abschlussdiplom","status":"publish","type":"post","link":"https:\/\/www.fuldaernachrichten.de\/?p=164869","title":{"rendered":"60 Kinder bekommen ihr \u201eKanu-Abschlussdiplom\u201c"},"content":{"rendered":"<p>Mit dem Kindergarten Sonnenblume in Horas, dem Kindergarten Kolibri in Petersberg und der Kindertagesst\u00e4tte Rauschenberg geh\u00f6ren 3 Kinderg\u00e4rten zu den Kooperationspartnern des Kanu-Club-Fulda im Projekt \u201eKanu-Schule f\u00fcr Work-Shop-Kinder\u201c, das bereits im 9. Jahr in Folge angeboten wurde. Verantwortlich in den Einrichtungen waren Ute Reiss und Annette Becker (Sonneblume), Melanie Hartnack (Rauschenberg) und Lars H\u00fctsch (Kolibri); f\u00fcr den Kanu-Club-Fulda war Harald Piaskowski mit an Bord.<\/p>\n<p>In 15 Unterrichtseinheiten wurden die Kinder seit Herbst letzten Jahres mit dem Kanu-Sport in Canadiern vertraut gemacht. Nach der Winterpause durften die Mutigen im Fr\u00fchjahr auch in Einer-Kajaks wechseln. Zum Abschluss des Kurses gab es dann das gro\u00dfe \u201eKanu-Rutsch-Festival\u201c, bei dem niemand mehr trocken blieb. In  Einer- und Zweier-Kajaks donnerten die jungen Wilden die KCF-Kanu-Rutsche hinunter, waren patschnass, hatten aber unendlich viel Spa\u00df.<\/p>\n<p>Damit das Projekt im kommenden Herbst das 10-j\u00e4hrige Jubil\u00e4um feiern kann, hat der Vorstand des Kanu-Club-Fulda, mit Dr. Norbert Gescher aus Petersberg an der Spitze, die Weichen gestellt und die Planungen in die Wege geleitet. Wer sich einen Eindruck \u00fcber die M\u00f6glichkeiten des Kanu-Sports in Kinderg\u00e4rten verschaffen m\u00f6chte, sollte den 03. September in seinem Terminplan notieren. Am Tag der offenen Bootshaust\u00fcr k\u00f6nnen alle Interessierten zum Probepaddeln kommen und das KCF-Team steht den Eltern der am n\u00e4chsten Kurs teilnehmenden Kinder Rede und Antwort. Infos gibt es unter http:\/\/kanu-club-fulda.de\/informationen\/tag-der-offenen-bootshaustuer\/.<\/p>\n","protected":false},"excerpt":{"rendered":"<div class=\"tmnf_excerpt\"><p>Mit dem Kindergarten Sonnenblume in Horas, dem Kindergarten Kolibri in Petersberg und der Kindertagesst\u00e4tte Rauschenberg geh\u00f6ren 3 Kinderg\u00e4rten zu den Kooperationspartnern des Kanu-Club-Fulda im Projekt \u201eKanu-Schule f\u00fcr Work-Shop-Kinder\u201c, das bereits im 9. Jahr in Folge angeboten wurde. Verantwortlich in den Einrichtungen waren Ute Reiss und Annette Becker (Sonneblume), Melanie Hartnack (Rauschenberg) und Lars H\u00fctsch (Kolibri); &hellip;<\/p>\n<\/div>","protected":false},"author":1,"featured_media":164907,"comment_status":"closed","ping_status":"closed","sticky":false,"template":"","format":"gallery","meta":{"footnotes":""},"categories":[1],"tags":[],"class_list":["post-164869","post","type-post","status-publish","format-gallery","has-post-thumbnail","hentry","category-startseite","post_format-post-format-gallery"],"_links":{"self":[{"href":"https:\/\/www.fuldaernachrichten.de\/index.php?rest_route=\/wp\/v2\/posts\/164869","targetHints":{"allow":["GET"]}}],"collection":[{"href":"https:\/\/www.fuldaernachrichten.de\/index.php?rest_route=\/wp\/v2\/posts"}],"about":[{"href":"https:\/\/www.fuldaernachrichten.de\/index.php?rest_route=\/wp\/v2\/types\/post"}],"author":[{"embeddable":true,"href":"https:\/\/www.fuldaernachrichten.de\/index.php?rest_route=\/wp\/v2\/users\/1"}],"replies":[{"embeddable":true,"href":"https:\/\/www.fuldaernachrichten.de\/index.php?rest_route=%2Fwp%2Fv2%2Fcomments&post=164869"}],"version-history":[{"count":1,"href":"https:\/\/www.fuldaernachrichten.de\/index.php?rest_route=\/wp\/v2\/posts\/164869\/revisions"}],"predecessor-version":[{"id":164921,"href":"https:\/\/www.fuldaernachrichten.de\/index.php?rest_route=\/wp\/v2\/posts\/164869\/revisions\/164921"}],"wp:featuredmedia":[{"embeddable":true,"href":"https:\/\/www.fuldaernachrichten.de\/index.php?rest_route=\/wp\/v2\/media\/164907"}],"wp:attachment":[{"href":"https:\/\/www.fuldaernachrichten.de\/index.php?rest_route=%2Fwp%2Fv2%2Fmedia&parent=164869"}],"wp:term":[{"taxonomy":"category","embeddable":true,"href":"https:\/\/www.fuldaernachrichten.de\/index.php?rest_route=%2Fwp%2Fv2%2Fcategories&post=164869"},{"taxonomy":"post_tag","embeddable":true,"href":"https:\/\/www.fuldaernachrichten.de\/index.php?rest_route=%2Fwp%2Fv2%2Ftags&post=164869"}],"curies":[{"name":"wp","href":"https:\/\/api.w.org\/{rel}","templated":true}]}}