{"id":164861,"date":"2017-06-26T09:26:27","date_gmt":"2017-06-26T07:26:27","guid":{"rendered":"http:\/\/www.fuldaer-nachrichten.de\/?p=164861"},"modified":"2017-06-26T09:26:27","modified_gmt":"2017-06-26T07:26:27","slug":"der-worttisch-von-franz-erhard-walther-im-ritter-in-fulda","status":"publish","type":"post","link":"https:\/\/www.fuldaernachrichten.de\/?p=164861","title":{"rendered":"Der \u201eWorttisch\u201c von Franz Erhard Walther im \u201eRitter\u201c in Fulda"},"content":{"rendered":"<p>Essen und Trinken als Kunst. Nur Eingeweihte und Kunstinteressierte wissen bisher, dass im Restaurant Ritter ein einzigartiges Kunstwerk des Biennale Preistr\u00e4gers Franz Erhard Walther im Gastraum steht. <\/p>\n<p>Der massive, aus Ahornholz bestehende, \u201eWorttisch\u201c wurde 1995 vom K\u00fcnstler geschaffen. Er tr\u00e4gt in der Tischplatte, als Intarsien aus Kirschholz eingearbeitet, die sechs vom K\u00fcnstler genannten:  \u201eF\u00fcnf Raumformen f\u00fcr Fulda\u201c: <\/p>\n<p>HERKUNFT | ANTWORT | GEBRAUCH | MATERIALWECHSEL | GEGENWART | ERINNERUNG.<br \/>\nDiese Begriffe sind ebenfalls auf den Stahlplatten vor dem Stadtschloss, dem Dom und dem Paulustor zu finden. <\/p>\n<p>Als Bezahlung f\u00fcr den Worttisch, der seinen urspr\u00fcnglichen Standort im ehemaligen Museumskeller hatte, wurde damals vertraglich vereinbart, dass der K\u00fcnstler mit seiner Familie lebenslang kostenlos an diesem Tisch bewirtet wird.<\/p>\n<p>Nach dem Kunstbegriff von Walther wird der Betrachter und Nutzer seiner Skulpturen zum Bestandteil derselben. Das hei\u00dft, wer im Ritter am Walthertisch Platz nimmt und sein leibliches Wohl mit den kunstvollen Kreationen aus der Ritterk\u00fcche st\u00e4rkt, wird dadurch gleichsam selbst zum Teil des Kunstwerks.<\/p>\n<p>Professor Franz Erhalt Walther wurde vor 77 Jahren in Fulda geboren und hat hier mit Freunden zusammen 1958 de \u201eJungen Kunstkreis\u201c gegr\u00fcndet. Nach vielen Jahren in Hamburg lebt der K\u00fcnstler mittlerweile wieder in Fulda.<\/p>\n<p>Franz Erhard Walther z\u00e4hlt zu den bedeutendsten zeitgen\u00f6ssischen internationalen K\u00fcnstlern mit vielen internationalen Ausstellungen. Er war unter anderem bei der Documenta in Kassel, dem Museum of Modern Art in New York und dem Nationalmuseum in Madrid vertreten. Bei der diesj\u00e4hrigen Biennale in Venedig wurde er als bester K\u00fcnstler mit dem goldenen L\u00f6wen ausgezeichnet.<\/p>\n<p>Franz Erhard Walther ist oft auch selbst zu Gast im Ritter und sitzt dann selbstverst\u00e4ndlich an seinem Tisch. Oft malt der dann ein spontanes Bild oder eine Werkskizze in ein daf\u00fcr bereitliegendes Buch. Der gesamte Gastraum ist gestaltet mit anderen Werken und Bildern von Professor Walther. Auf Wunsch k\u00f6nnen Kunstliebhaber auch gerne einen Blick in das \u201eWalther Buch\u201c werfen.<\/p>\n<p>Diese zeitgen\u00f6ssische Kunst bildet einen interessanten Kontrast zum historischen \u201eRittersaal\u201c, der in den zwanziger Jahren des vergangenen Jahrhunderts von dem bekannten Fuldaer Kunstmaler Hugo Pfister ebenfalls gegen Naturalien als K\u00fcnstlergage ausgemalt wurde.<br \/>\nIm Anschluss an den feierlichen Empfang anl\u00e4sslich des Eintrages in das goldene Buch der Stadt f\u00fcr den K\u00fcnstler durch die Stadt Fulda am 5. Juli 2017 besteht die Gelegenheit, im Ritter und dem Ritterhof den Worttisch und die kleine Ausstellung im Gastraum zu besuchen.<br \/>\nF\u00fcr die Teilnahme an dem Empfang ist allerdings eine Anmeldung bei der Stadt Fulda notwendig. Tel.: 0661 102-1065<\/p>\n","protected":false},"excerpt":{"rendered":"<div class=\"tmnf_excerpt\"><p>Essen und Trinken als Kunst. Nur Eingeweihte und Kunstinteressierte wissen bisher, dass im Restaurant Ritter ein einzigartiges Kunstwerk des Biennale Preistr\u00e4gers Franz Erhard Walther im Gastraum steht. Der massive, aus Ahornholz bestehende, \u201eWorttisch\u201c wurde 1995 vom K\u00fcnstler geschaffen. Er tr\u00e4gt in der Tischplatte, als Intarsien aus Kirschholz eingearbeitet, die sechs vom K\u00fcnstler genannten: \u201eF\u00fcnf Raumformen &hellip;<\/p>\n<\/div>","protected":false},"author":1,"featured_media":0,"comment_status":"closed","ping_status":"closed","sticky":false,"template":"","format":"standard","meta":{"footnotes":""},"categories":[1],"tags":[],"class_list":["post-164861","post","type-post","status-publish","format-standard","hentry","category-startseite"],"_links":{"self":[{"href":"https:\/\/www.fuldaernachrichten.de\/index.php?rest_route=\/wp\/v2\/posts\/164861","targetHints":{"allow":["GET"]}}],"collection":[{"href":"https:\/\/www.fuldaernachrichten.de\/index.php?rest_route=\/wp\/v2\/posts"}],"about":[{"href":"https:\/\/www.fuldaernachrichten.de\/index.php?rest_route=\/wp\/v2\/types\/post"}],"author":[{"embeddable":true,"href":"https:\/\/www.fuldaernachrichten.de\/index.php?rest_route=\/wp\/v2\/users\/1"}],"replies":[{"embeddable":true,"href":"https:\/\/www.fuldaernachrichten.de\/index.php?rest_route=%2Fwp%2Fv2%2Fcomments&post=164861"}],"version-history":[{"count":1,"href":"https:\/\/www.fuldaernachrichten.de\/index.php?rest_route=\/wp\/v2\/posts\/164861\/revisions"}],"predecessor-version":[{"id":164863,"href":"https:\/\/www.fuldaernachrichten.de\/index.php?rest_route=\/wp\/v2\/posts\/164861\/revisions\/164863"}],"wp:attachment":[{"href":"https:\/\/www.fuldaernachrichten.de\/index.php?rest_route=%2Fwp%2Fv2%2Fmedia&parent=164861"}],"wp:term":[{"taxonomy":"category","embeddable":true,"href":"https:\/\/www.fuldaernachrichten.de\/index.php?rest_route=%2Fwp%2Fv2%2Fcategories&post=164861"},{"taxonomy":"post_tag","embeddable":true,"href":"https:\/\/www.fuldaernachrichten.de\/index.php?rest_route=%2Fwp%2Fv2%2Ftags&post=164861"}],"curies":[{"name":"wp","href":"https:\/\/api.w.org\/{rel}","templated":true}]}}