{"id":164860,"date":"2017-06-26T09:27:08","date_gmt":"2017-06-26T07:27:08","guid":{"rendered":"http:\/\/www.fuldaer-nachrichten.de\/?p=164860"},"modified":"2017-06-26T09:27:08","modified_gmt":"2017-06-26T07:27:08","slug":"rs-gesellschaft-newa-expandiert-in-soergenloch%e2%80%a8","status":"publish","type":"post","link":"https:\/\/www.fuldaernachrichten.de\/?p=164860","title":{"rendered":"R+S-Gesellschaft NEWA expandiert in S\u00f6rgenloch\u00e2\u20ac\u00a8"},"content":{"rendered":"<p><a href=\"http:\/\/www.fuldaer-nachrichten.de\/wp-content\/uploads\/2017\/06\/Newa_Luftbild.jpg\"><img decoding=\"async\" src=\"http:\/\/www.fuldaer-nachrichten.de\/wp-content\/uploads\/2017\/06\/Newa_Luftbild-265x177.jpg\" alt=\"\" width=\"265\" height=\"177\" class=\"alignleft size-thumbnail wp-image-164866\" srcset=\"https:\/\/www.fuldaernachrichten.de\/wp-content\/uploads\/2017\/06\/Newa_Luftbild-265x177.jpg 265w, https:\/\/www.fuldaernachrichten.de\/wp-content\/uploads\/2017\/06\/Newa_Luftbild-768x512.jpg 768w, https:\/\/www.fuldaernachrichten.de\/wp-content\/uploads\/2017\/06\/Newa_Luftbild-600x400.jpg 600w, https:\/\/www.fuldaernachrichten.de\/wp-content\/uploads\/2017\/06\/Newa_Luftbild.jpg 900w\" sizes=\"(max-width: 265px) 100vw, 265px\" \/><\/a>Als Elektrogro\u00dfh\u00e4ndler beliefert die R+S-Tochtergesellschaft NEWA-Vertriebs GmbH gewerbliche Kunden aus Handwerk und Industrie. Das Unternehmen mit Hauptsitz in S\u00f6rgenloch bei Mainz verzeichnet seit \u00fcber zwei Jahren ein starkes Wachstum \u2013 \u201eund der Platz wurde jetzt wirklich knapp\u201c, wie NEWA-Gesch\u00e4ftsf\u00fchrer Heiko Apfel berichtet. \u201eEin neues Areal in S\u00f6rgenloch zu finden, hat sich lange schwierig gestaltet. Am Ende hat es direkt nebenan geklappt: Wir k\u00f6nnen unterhalb unseres Verwaltungsgeb\u00e4udes eine gro\u00dfe Halle von der \u00f6rtlichen Firma Bauer mieten, die bislang von einer Spedition genutzt wurde.\u201c<\/p>\n<p>Nicht nur der Gesch\u00e4ftsf\u00fchrer, auch die rund 80 Mitarbeiter des R+S-Unternehmens sind gl\u00fccklich \u00fcber die jetzt gefundene ideale L\u00f6sung. \u201eMit der neuen Halle ist der Standort S\u00f6rgenloch gesichert\u201c, so Heiko Apfel. \u201eUnd trotz des neuen vollautomatischen Lagersystems, das wir k\u00fcnftig nutzen, werden zus\u00e4tzliche Arbeitspl\u00e4tze geschaffen \u2013 denn wir wollen weiter wachsen.\u201c<br \/>\nParallel zum papierlosen Lager wird in der neuen NEWA-Einheit ein modernes Warenwirtschaftssystem eingef\u00fchrt, das Heiko Apfel als \u201eeines der wichtigsten und gr\u00f6\u00dften Projekte in der Geschichte von NEWA\u201c bezeichnet. Die \u201ederzeitige Operation am offenen Herzen\u201c biete die Grundlage f\u00fcr eine erfolgreiche Zukunft des kompletten Handels der R+S-Gruppe. Mit der Investition in S\u00f6rgenloch habe sich schlie\u00dflich auch das in Fulda angedachte R+S-Dienstleistungszentrum endg\u00fcltig erledigt. <\/p>\n<p>In die neue Halle in S\u00f6rgenloch, die voraussichtlich ab Mai 2018 genutzt werden kann, investiert die R+S-Gruppe rund 1,5 Millionen Euro. <\/p>\n","protected":false},"excerpt":{"rendered":"<div class=\"tmnf_excerpt\"><p>Als Elektrogro\u00dfh\u00e4ndler beliefert die R+S-Tochtergesellschaft NEWA-Vertriebs GmbH gewerbliche Kunden aus Handwerk und Industrie. Das Unternehmen mit Hauptsitz in S\u00f6rgenloch bei Mainz verzeichnet seit \u00fcber zwei Jahren ein starkes Wachstum \u2013 \u201eund der Platz wurde jetzt wirklich knapp\u201c, wie NEWA-Gesch\u00e4ftsf\u00fchrer Heiko Apfel berichtet. \u201eEin neues Areal in S\u00f6rgenloch zu finden, hat sich lange schwierig gestaltet. Am &hellip;<\/p>\n<\/div>","protected":false},"author":1,"featured_media":164865,"comment_status":"closed","ping_status":"closed","sticky":false,"template":"","format":"standard","meta":{"footnotes":""},"categories":[1],"tags":[],"class_list":["post-164860","post","type-post","status-publish","format-standard","has-post-thumbnail","hentry","category-startseite"],"_links":{"self":[{"href":"https:\/\/www.fuldaernachrichten.de\/index.php?rest_route=\/wp\/v2\/posts\/164860","targetHints":{"allow":["GET"]}}],"collection":[{"href":"https:\/\/www.fuldaernachrichten.de\/index.php?rest_route=\/wp\/v2\/posts"}],"about":[{"href":"https:\/\/www.fuldaernachrichten.de\/index.php?rest_route=\/wp\/v2\/types\/post"}],"author":[{"embeddable":true,"href":"https:\/\/www.fuldaernachrichten.de\/index.php?rest_route=\/wp\/v2\/users\/1"}],"replies":[{"embeddable":true,"href":"https:\/\/www.fuldaernachrichten.de\/index.php?rest_route=%2Fwp%2Fv2%2Fcomments&post=164860"}],"version-history":[{"count":1,"href":"https:\/\/www.fuldaernachrichten.de\/index.php?rest_route=\/wp\/v2\/posts\/164860\/revisions"}],"predecessor-version":[{"id":164867,"href":"https:\/\/www.fuldaernachrichten.de\/index.php?rest_route=\/wp\/v2\/posts\/164860\/revisions\/164867"}],"wp:featuredmedia":[{"embeddable":true,"href":"https:\/\/www.fuldaernachrichten.de\/index.php?rest_route=\/wp\/v2\/media\/164865"}],"wp:attachment":[{"href":"https:\/\/www.fuldaernachrichten.de\/index.php?rest_route=%2Fwp%2Fv2%2Fmedia&parent=164860"}],"wp:term":[{"taxonomy":"category","embeddable":true,"href":"https:\/\/www.fuldaernachrichten.de\/index.php?rest_route=%2Fwp%2Fv2%2Fcategories&post=164860"},{"taxonomy":"post_tag","embeddable":true,"href":"https:\/\/www.fuldaernachrichten.de\/index.php?rest_route=%2Fwp%2Fv2%2Ftags&post=164860"}],"curies":[{"name":"wp","href":"https:\/\/api.w.org\/{rel}","templated":true}]}}