{"id":164848,"date":"2017-06-26T09:35:24","date_gmt":"2017-06-26T07:35:24","guid":{"rendered":"http:\/\/www.fuldaer-nachrichten.de\/?p=164848"},"modified":"2017-06-26T09:35:24","modified_gmt":"2017-06-26T07:35:24","slug":"politik-zu-besuch-im-klinikum-exklusive-baustellen-tour-fuer-stadtverordnete-und-kreistagsmitglieder-im-neubau","status":"publish","type":"post","link":"https:\/\/www.fuldaernachrichten.de\/?p=164848","title":{"rendered":"Politik zu Besuch im Klinikum: Exklusive Baustellen-Tour f\u00fcr Stadtverordnete und Kreistagsmitglieder im Neubau"},"content":{"rendered":"<p>Bei sch\u00f6nstem Sommerwetter waren mehr als 60 Mandatstr\u00e4ger am Dienstagabend zu Besuch auf Fulda gr\u00f6\u00dfter Baustelle, dem Neubau des OP- und Notfallzentrums am Klinikum Fulda. Eine ausf\u00fchrliche F\u00fchrung, ein kleiner Sekt-Empfang im 5. Obergeschoss mit fantastischer Aussicht, Pr\u00e4sentationen des Vortandes und des Generalplaners und ein abschlie\u00dfender Imbiss standen auf dem Programm.<\/p>\n<p>\u201eHerzlich Willkommen Ihnen allen in Ihrem Krankenhaus\u201c, begr\u00fc\u00dften die Klinikumsvorst\u00e4nde Priv.-Doz. Dr. Thomas Menzel und Andr\u00e9 Eydt die G\u00e4ste und wiesen auch gleich darauf hin, dass dies w\u00f6rtlich gemeint sei, die die gew\u00e4hlten Vertreter die mehr als 60.000  Eigent\u00fcmer des Klinikums Fulda repr\u00e4sentieren. Angef\u00fchrt von Stadtverordneten-Vorsteherin Margarete Hartmann und Kreistagsvorsitzender Helmut Herchenhahn, nahmen Oberb\u00fcrgermeister  Dr. Heiko Wingenfeld, MdLs Dr. Walther Arnold und Markus Meysner an der F\u00fchrung teil.<\/p>\n<p>Die G\u00e4ste waren beindruckt von den Dimensionen der Baustelle, die sich im Rahmen der F\u00fchrung erschlossen. Fachkundig und detailsicher moderiert wurde die F\u00fchrung von Prof. Dr. Werner Vogt dem Generalplaner des Projektes und von Peter Neidhardt dem Leiter des Gesch\u00e4ftsbereiches Bau und Technik des Klinikums Fulda. <\/p>\n<p>Im Anschluss bedanke sich der Vorstand bei den Vertreter aller Planungsb\u00fcros und Gewerke, die ebenfalls eingeladen worden waren und den Mitarbeiterinnen und Mitarbeitern der Stadtverwaltung. \u201eWir sind im Budget- und im Zeitplan. Das haben wir Ihnen und unserer guten Zusammenarbeit zu verdanken\u201c, sagte Dr. Menzel.<\/p>\n<p>Foto: Barbara Froese<\/p>\n","protected":false},"excerpt":{"rendered":"<div class=\"tmnf_excerpt\"><p>Bei sch\u00f6nstem Sommerwetter waren mehr als 60 Mandatstr\u00e4ger am Dienstagabend zu Besuch auf Fulda gr\u00f6\u00dfter Baustelle, dem Neubau des OP- und Notfallzentrums am Klinikum Fulda. Eine ausf\u00fchrliche F\u00fchrung, ein kleiner Sekt-Empfang im 5. Obergeschoss mit fantastischer Aussicht, Pr\u00e4sentationen des Vortandes und des Generalplaners und ein abschlie\u00dfender Imbiss standen auf dem Programm. \u201eHerzlich Willkommen Ihnen allen &hellip;<\/p>\n<\/div>","protected":false},"author":1,"featured_media":164922,"comment_status":"closed","ping_status":"closed","sticky":false,"template":"","format":"standard","meta":{"footnotes":""},"categories":[1],"tags":[],"class_list":["post-164848","post","type-post","status-publish","format-standard","has-post-thumbnail","hentry","category-startseite"],"_links":{"self":[{"href":"https:\/\/www.fuldaernachrichten.de\/index.php?rest_route=\/wp\/v2\/posts\/164848","targetHints":{"allow":["GET"]}}],"collection":[{"href":"https:\/\/www.fuldaernachrichten.de\/index.php?rest_route=\/wp\/v2\/posts"}],"about":[{"href":"https:\/\/www.fuldaernachrichten.de\/index.php?rest_route=\/wp\/v2\/types\/post"}],"author":[{"embeddable":true,"href":"https:\/\/www.fuldaernachrichten.de\/index.php?rest_route=\/wp\/v2\/users\/1"}],"replies":[{"embeddable":true,"href":"https:\/\/www.fuldaernachrichten.de\/index.php?rest_route=%2Fwp%2Fv2%2Fcomments&post=164848"}],"version-history":[{"count":1,"href":"https:\/\/www.fuldaernachrichten.de\/index.php?rest_route=\/wp\/v2\/posts\/164848\/revisions"}],"predecessor-version":[{"id":164923,"href":"https:\/\/www.fuldaernachrichten.de\/index.php?rest_route=\/wp\/v2\/posts\/164848\/revisions\/164923"}],"wp:featuredmedia":[{"embeddable":true,"href":"https:\/\/www.fuldaernachrichten.de\/index.php?rest_route=\/wp\/v2\/media\/164922"}],"wp:attachment":[{"href":"https:\/\/www.fuldaernachrichten.de\/index.php?rest_route=%2Fwp%2Fv2%2Fmedia&parent=164848"}],"wp:term":[{"taxonomy":"category","embeddable":true,"href":"https:\/\/www.fuldaernachrichten.de\/index.php?rest_route=%2Fwp%2Fv2%2Fcategories&post=164848"},{"taxonomy":"post_tag","embeddable":true,"href":"https:\/\/www.fuldaernachrichten.de\/index.php?rest_route=%2Fwp%2Fv2%2Ftags&post=164848"}],"curies":[{"name":"wp","href":"https:\/\/api.w.org\/{rel}","templated":true}]}}