{"id":164843,"date":"2017-06-26T09:24:52","date_gmt":"2017-06-26T07:24:52","guid":{"rendered":"http:\/\/www.fuldaer-nachrichten.de\/?p=164843"},"modified":"2017-06-26T09:24:52","modified_gmt":"2017-06-26T07:24:52","slug":"liane-kohn-laedt-zu-jubilaeumsveranstaltung-am-1-juli","status":"publish","type":"post","link":"https:\/\/www.fuldaernachrichten.de\/?p=164843","title":{"rendered":"Liane Kohn l\u00e4dt zu Jubil\u00e4umsveranstaltung am 1. Juli"},"content":{"rendered":"<p>Seit drei\u00dfig Jahren nun f\u00fchrt Liane Kohn die Alte Kelterei und hat sie in dieser Zeit zu einer Marke in der Region gemacht: Beliebter Ort f\u00fcr Seminare und Feiern sowie Anlaufstelle f\u00fcr einen der sch\u00f6nsten Kunsthandwerkerm\u00e4rkte weit und breit, ist die Alte Kelterei zum Inbegriff eines besonderen Lebensstils geworden. Das 30-j\u00e4hrige Jubil\u00e4um unter der Regie von Liane Kohn feiert die Alte Kelterei am 1. Juli ab 11 Uhr. Zu Beginn findet ein Freiluftgottesdienst im Alten Keltereihof statt. Im Lauf des Tages wird es ein sch\u00f6nes musikalisches Programm geben und bei leckeren K\u00f6stlichkeiten werden alle, die sich der Kelterei und ihren Bewohnern verbunden f\u00fchlen, Gelegenheit haben, sich auszutauschen, in Erinnerungen zu schwelgen und gemeinsam zu feiern. Die Musiker Yup Thorn und J\u00fcrgen Pfeil sowie die Anne-und-Rainer-Band haben ihr Kommen zugesagt, sodass f\u00fcr ein buntes Programm bis 17 Uhr gesorgt ist. Liane Kohn und ihr Team laden alle Menschen aus Nah und Fern dazu ein!<\/p>\n<p>Selbstverst\u00e4ndlich besteht auch an diesen Tagen die M\u00f6glichkeit, sich beim F\u00f6rderverein des generationen\u00fcbergreifenden Wohnprojekts \u00fcber dasselbe zu informieren. Weitere Informationen findet man unter www.wohnprojekt-arnshain.de.<\/p>\n","protected":false},"excerpt":{"rendered":"<div class=\"tmnf_excerpt\"><p>Seit drei\u00dfig Jahren nun f\u00fchrt Liane Kohn die Alte Kelterei und hat sie in dieser Zeit zu einer Marke in der Region gemacht: Beliebter Ort f\u00fcr Seminare und Feiern sowie Anlaufstelle f\u00fcr einen der sch\u00f6nsten Kunsthandwerkerm\u00e4rkte weit und breit, ist die Alte Kelterei zum Inbegriff eines besonderen Lebensstils geworden. Das 30-j\u00e4hrige Jubil\u00e4um unter der Regie &hellip;<\/p>\n<\/div>","protected":false},"author":1,"featured_media":164856,"comment_status":"closed","ping_status":"closed","sticky":false,"template":"","format":"standard","meta":{"footnotes":""},"categories":[1],"tags":[],"class_list":["post-164843","post","type-post","status-publish","format-standard","has-post-thumbnail","hentry","category-startseite"],"_links":{"self":[{"href":"https:\/\/www.fuldaernachrichten.de\/index.php?rest_route=\/wp\/v2\/posts\/164843","targetHints":{"allow":["GET"]}}],"collection":[{"href":"https:\/\/www.fuldaernachrichten.de\/index.php?rest_route=\/wp\/v2\/posts"}],"about":[{"href":"https:\/\/www.fuldaernachrichten.de\/index.php?rest_route=\/wp\/v2\/types\/post"}],"author":[{"embeddable":true,"href":"https:\/\/www.fuldaernachrichten.de\/index.php?rest_route=\/wp\/v2\/users\/1"}],"replies":[{"embeddable":true,"href":"https:\/\/www.fuldaernachrichten.de\/index.php?rest_route=%2Fwp%2Fv2%2Fcomments&post=164843"}],"version-history":[{"count":1,"href":"https:\/\/www.fuldaernachrichten.de\/index.php?rest_route=\/wp\/v2\/posts\/164843\/revisions"}],"predecessor-version":[{"id":164857,"href":"https:\/\/www.fuldaernachrichten.de\/index.php?rest_route=\/wp\/v2\/posts\/164843\/revisions\/164857"}],"wp:featuredmedia":[{"embeddable":true,"href":"https:\/\/www.fuldaernachrichten.de\/index.php?rest_route=\/wp\/v2\/media\/164856"}],"wp:attachment":[{"href":"https:\/\/www.fuldaernachrichten.de\/index.php?rest_route=%2Fwp%2Fv2%2Fmedia&parent=164843"}],"wp:term":[{"taxonomy":"category","embeddable":true,"href":"https:\/\/www.fuldaernachrichten.de\/index.php?rest_route=%2Fwp%2Fv2%2Fcategories&post=164843"},{"taxonomy":"post_tag","embeddable":true,"href":"https:\/\/www.fuldaernachrichten.de\/index.php?rest_route=%2Fwp%2Fv2%2Ftags&post=164843"}],"curies":[{"name":"wp","href":"https:\/\/api.w.org\/{rel}","templated":true}]}}