{"id":164842,"date":"2017-06-26T09:24:29","date_gmt":"2017-06-26T07:24:29","guid":{"rendered":"http:\/\/www.fuldaer-nachrichten.de\/?p=164842"},"modified":"2017-06-26T09:24:29","modified_gmt":"2017-06-26T07:24:29","slug":"neuausrichtung-der-berufsfachschule-an-der-ess","status":"publish","type":"post","link":"https:\/\/www.fuldaernachrichten.de\/?p=164842","title":{"rendered":"Neuausrichtung der Berufsfachschule an der ESS"},"content":{"rendered":"<p>Am vergangenen Montag wurde das Pilotprojekt \u201eGestufte Berufsfachschule\u201c im Beisein von Ministerialrat und Referatsleiter Hans-Dieter Speier aus dem Hessischen Kultusministerium sowie Britta Bergmann von der Technischen Universit\u00e4t Darmstadt in der Eduard-Stieler-Schule (ESS) zum Abschluss gebracht.  Die ESS geh\u00f6rte damit zu den hessenweit drei Schulen, in denen eine Verbesserung des \u00dcbergangs von Schule in Beruf erprobt wurde.<\/p>\n<p>In der extra f\u00fcr diesen Anlass hergerichteten Aula konnten die beteiligten Lehrkr\u00e4fte und Sch\u00fcler den G\u00e4sten gewisserma\u00dfen eine Leistungsschau dessen bieten, was man in dieser Pilotphase alles erreicht hatte. Der Referatsleiter zeigte sich auch davon beeindruckt und dankte in der Feierstunde sowohl dem Kollegium als auch der Schulleitung f\u00fcr das au\u00dferordentliche Engagement und die hohe Professionalit\u00e4t bei der Umsetzung des Pilotprojekts. Dabei seien die Vorgaben des Ministeriums in der Fachrichtung Gesundheit und Sozialwesen in vorbildlicher Weise umgesetzt worden. Die daf\u00fcr an der ESS entwickelten Konzepte k\u00f6nnen beispielgebend f\u00fcr den im kommenden Schuljahr beginnenden landesweiten Schulversuch \u201eBerufsfachschule zum \u00dcbergang in Ausbildung\u201c (B\u00dcA) auf weitere Schulen \u00fcbertragen werden. Daneben begleiteten Professor Ralf Tenberg und Britta Bergmann von der TU Darmstadt das Projekt wissenschaftlich.<\/p>\n<p>In der B\u00dcA k\u00f6nnen die Sch\u00fclerinnen und Sch\u00fcler je nach Leistungsf\u00e4higkeit und eigenem Einsatz sowohl einen Hauptschulabschluss mit \u00dcbergang in eine Berufsausbildung erlangen oder aber diese Schulform mit dem Mittleren Bildungsabschluss verlassen und dann eine Ausbildung beginnen. Damit k\u00e4me man auch den Interessen der hessischen Industrie und Wirtschaft entgegen, die gro\u00dfe Hoffnung auf eine Optimierung der Ausbildungsvorbereitung und damit gleichzeitig auf geeignete und motivierte Auszubildende legen.<\/p>\n<p>Auch Schulleiter Dr. Rudolf Drexler sowie Abteilungsleiter Thomas Willert zeigten sich mit dem Erreichten sehr zufrieden und konnten den G\u00e4sten bei einem Rundgang durch unterschiedliche Lernstationen ein aussagekr\u00e4ftiges Bild des Leistungsstands der Sch\u00fclerinnen und Sch\u00fcler vermitteln. Drexler und Willert bedankten sich schlie\u00dflich bei allen Beteiligten f\u00fcr die erfolgreiche Arbeit in der Gestuften Berufsfachschule und die gelungene Durchf\u00fchrung der Feierstunde.<\/p>\n","protected":false},"excerpt":{"rendered":"<div class=\"tmnf_excerpt\"><p>Am vergangenen Montag wurde das Pilotprojekt \u201eGestufte Berufsfachschule\u201c im Beisein von Ministerialrat und Referatsleiter Hans-Dieter Speier aus dem Hessischen Kultusministerium sowie Britta Bergmann von der Technischen Universit\u00e4t Darmstadt in der Eduard-Stieler-Schule (ESS) zum Abschluss gebracht. Die ESS geh\u00f6rte damit zu den hessenweit drei Schulen, in denen eine Verbesserung des \u00dcbergangs von Schule in Beruf erprobt &hellip;<\/p>\n<\/div>","protected":false},"author":1,"featured_media":164854,"comment_status":"closed","ping_status":"closed","sticky":false,"template":"","format":"gallery","meta":{"footnotes":""},"categories":[1],"tags":[],"class_list":["post-164842","post","type-post","status-publish","format-gallery","has-post-thumbnail","hentry","category-startseite","post_format-post-format-gallery"],"_links":{"self":[{"href":"https:\/\/www.fuldaernachrichten.de\/index.php?rest_route=\/wp\/v2\/posts\/164842","targetHints":{"allow":["GET"]}}],"collection":[{"href":"https:\/\/www.fuldaernachrichten.de\/index.php?rest_route=\/wp\/v2\/posts"}],"about":[{"href":"https:\/\/www.fuldaernachrichten.de\/index.php?rest_route=\/wp\/v2\/types\/post"}],"author":[{"embeddable":true,"href":"https:\/\/www.fuldaernachrichten.de\/index.php?rest_route=\/wp\/v2\/users\/1"}],"replies":[{"embeddable":true,"href":"https:\/\/www.fuldaernachrichten.de\/index.php?rest_route=%2Fwp%2Fv2%2Fcomments&post=164842"}],"version-history":[{"count":1,"href":"https:\/\/www.fuldaernachrichten.de\/index.php?rest_route=\/wp\/v2\/posts\/164842\/revisions"}],"predecessor-version":[{"id":164855,"href":"https:\/\/www.fuldaernachrichten.de\/index.php?rest_route=\/wp\/v2\/posts\/164842\/revisions\/164855"}],"wp:featuredmedia":[{"embeddable":true,"href":"https:\/\/www.fuldaernachrichten.de\/index.php?rest_route=\/wp\/v2\/media\/164854"}],"wp:attachment":[{"href":"https:\/\/www.fuldaernachrichten.de\/index.php?rest_route=%2Fwp%2Fv2%2Fmedia&parent=164842"}],"wp:term":[{"taxonomy":"category","embeddable":true,"href":"https:\/\/www.fuldaernachrichten.de\/index.php?rest_route=%2Fwp%2Fv2%2Fcategories&post=164842"},{"taxonomy":"post_tag","embeddable":true,"href":"https:\/\/www.fuldaernachrichten.de\/index.php?rest_route=%2Fwp%2Fv2%2Ftags&post=164842"}],"curies":[{"name":"wp","href":"https:\/\/api.w.org\/{rel}","templated":true}]}}