{"id":164841,"date":"2017-06-26T09:23:25","date_gmt":"2017-06-26T07:23:25","guid":{"rendered":"http:\/\/www.fuldaer-nachrichten.de\/?p=164841"},"modified":"2017-06-26T09:23:25","modified_gmt":"2017-06-26T07:23:25","slug":"regionalregal-der-dachmarke-rhoen-im-klosterladen-maria-bildhausen-eroeffnet","status":"publish","type":"post","link":"https:\/\/www.fuldaernachrichten.de\/?p=164841","title":{"rendered":"Regionalregal der Dachmarke Rh\u00f6n im Klosterladen Maria Bildhausen er\u00f6ffnet"},"content":{"rendered":"<p><a href=\"http:\/\/www.fuldaer-nachrichten.de\/wp-content\/uploads\/2017\/06\/frische-produkte_maria-bildhausen.jpg\"><img decoding=\"async\" src=\"http:\/\/www.fuldaer-nachrichten.de\/wp-content\/uploads\/2017\/06\/frische-produkte_maria-bildhausen-265x177.jpg\" alt=\"\" width=\"265\" height=\"177\" class=\"alignleft size-thumbnail wp-image-164850\" srcset=\"https:\/\/www.fuldaernachrichten.de\/wp-content\/uploads\/2017\/06\/frische-produkte_maria-bildhausen-265x177.jpg 265w, https:\/\/www.fuldaernachrichten.de\/wp-content\/uploads\/2017\/06\/frische-produkte_maria-bildhausen-768x514.jpg 768w, https:\/\/www.fuldaernachrichten.de\/wp-content\/uploads\/2017\/06\/frische-produkte_maria-bildhausen-600x401.jpg 600w, https:\/\/www.fuldaernachrichten.de\/wp-content\/uploads\/2017\/06\/frische-produkte_maria-bildhausen.jpg 900w\" sizes=\"(max-width: 265px) 100vw, 265px\" \/><\/a>Produkte, die das Qualit\u00e4tssiegel der Dachmarke Rh\u00f6n tragen, sind jetzt auch in der ehemaligen Zisterzienserabtei \u201eMaria Bildhausen\u201c bei M\u00fcnnerstadt im Landkreis Bad Kissingen erh\u00e4ltlich. Im Klosterladen wurde jetzt ein Regionalregal der Dachmarke Rh\u00f6n er\u00f6ffnet.<\/p>\n<p>Die Projektmanagerin und Mitarbeiterin der Rh\u00f6n GmbH, Stephanie Meinecke, weihte jetzt das neue Regionalregal gemeinsam mit Werkstattleiter Matthias Erlwein und seinen beiden Mitarbeiterinnen Carmen Beck und Lisa Hammelmann ein. Neben Produkten von Partnerbetrieben der Dachmarke Rh\u00f6n gibt es im Klosterladen auch landwirtschaftliche Bio-Produkte aus der klostereigenen G\u00e4rtnerei.<br \/>\n\u201eFrisch vom Beet landen unsere Salate und das Gem\u00fcse direkt im Einkaufskorb\u201c, sagt Erlwein. \u201eSo wachsen in unseren Gew\u00e4chsh\u00e4usern und Freiluftbeeten nicht nur Salate, Tomaten oder Gurken, sondern auch noch Brokkoli, Paprika oder Kr\u00e4uter\u201c. Neben dem Erwerb einzelner Lebensmittel bietet der Klosterladen auch zwei verschieden gro\u00dfe Kisten mit G\u00e4rtnereiprodukten an.  Auch gebe es im Laden noch ein vielf\u00e4ltiges Angebot an Produkten aus der eigenen Behindertenwerkstatt und von \u00fcber 100 Werkst\u00e4tten f\u00fcr behinderte Menschen wie Kerzen aus der eigenen Herstellung, Tonartikel und Holzprodukte aus der Schreinerei. Hinzu kommen der eigene Honig und der eigene Apfelsaft. <\/p>\n<p>Der Klosterladen hat montags bis donnerstags von 11 bis 17 Uhr sowie freitags von 9 bis 17 Uhr ge\u00f6ffnet und ist unter der Rufnummer (0 97 66) 8 15 00 erreichbar. Da am ersten Juliwochenende das Sommerfest zusammen mit den Bildh\u00e4user Einkaufstagen stattfindet, hat der Klosterladen ausnahmsweise auch am Samstag, 1. Juli, von 10 bis 16 Uhr und am Sonntag, 2. Juli, von 11 bis 17 Uhr ge\u00f6ffnet.\t\t\t<\/p>\n","protected":false},"excerpt":{"rendered":"<div class=\"tmnf_excerpt\"><p>Produkte, die das Qualit\u00e4tssiegel der Dachmarke Rh\u00f6n tragen, sind jetzt auch in der ehemaligen Zisterzienserabtei \u201eMaria Bildhausen\u201c bei M\u00fcnnerstadt im Landkreis Bad Kissingen erh\u00e4ltlich. Im Klosterladen wurde jetzt ein Regionalregal der Dachmarke Rh\u00f6n er\u00f6ffnet. Die Projektmanagerin und Mitarbeiterin der Rh\u00f6n GmbH, Stephanie Meinecke, weihte jetzt das neue Regionalregal gemeinsam mit Werkstattleiter Matthias Erlwein und seinen &hellip;<\/p>\n<\/div>","protected":false},"author":1,"featured_media":164849,"comment_status":"closed","ping_status":"closed","sticky":false,"template":"","format":"standard","meta":{"footnotes":""},"categories":[1],"tags":[],"class_list":["post-164841","post","type-post","status-publish","format-standard","has-post-thumbnail","hentry","category-startseite"],"_links":{"self":[{"href":"https:\/\/www.fuldaernachrichten.de\/index.php?rest_route=\/wp\/v2\/posts\/164841","targetHints":{"allow":["GET"]}}],"collection":[{"href":"https:\/\/www.fuldaernachrichten.de\/index.php?rest_route=\/wp\/v2\/posts"}],"about":[{"href":"https:\/\/www.fuldaernachrichten.de\/index.php?rest_route=\/wp\/v2\/types\/post"}],"author":[{"embeddable":true,"href":"https:\/\/www.fuldaernachrichten.de\/index.php?rest_route=\/wp\/v2\/users\/1"}],"replies":[{"embeddable":true,"href":"https:\/\/www.fuldaernachrichten.de\/index.php?rest_route=%2Fwp%2Fv2%2Fcomments&post=164841"}],"version-history":[{"count":1,"href":"https:\/\/www.fuldaernachrichten.de\/index.php?rest_route=\/wp\/v2\/posts\/164841\/revisions"}],"predecessor-version":[{"id":164851,"href":"https:\/\/www.fuldaernachrichten.de\/index.php?rest_route=\/wp\/v2\/posts\/164841\/revisions\/164851"}],"wp:featuredmedia":[{"embeddable":true,"href":"https:\/\/www.fuldaernachrichten.de\/index.php?rest_route=\/wp\/v2\/media\/164849"}],"wp:attachment":[{"href":"https:\/\/www.fuldaernachrichten.de\/index.php?rest_route=%2Fwp%2Fv2%2Fmedia&parent=164841"}],"wp:term":[{"taxonomy":"category","embeddable":true,"href":"https:\/\/www.fuldaernachrichten.de\/index.php?rest_route=%2Fwp%2Fv2%2Fcategories&post=164841"},{"taxonomy":"post_tag","embeddable":true,"href":"https:\/\/www.fuldaernachrichten.de\/index.php?rest_route=%2Fwp%2Fv2%2Ftags&post=164841"}],"curies":[{"name":"wp","href":"https:\/\/api.w.org\/{rel}","templated":true}]}}