{"id":164839,"date":"2017-06-26T09:22:03","date_gmt":"2017-06-26T07:22:03","guid":{"rendered":"http:\/\/www.fuldaer-nachrichten.de\/?p=164839"},"modified":"2017-06-26T09:22:03","modified_gmt":"2017-06-26T07:22:03","slug":"sanierungsmassnahmen-bei-schulturnhallen-in-hosenfeld-und-bimbach","status":"publish","type":"post","link":"https:\/\/www.fuldaernachrichten.de\/?p=164839","title":{"rendered":"Sanierungsma\u00dfnahmen bei Schulturnhallen in Hosenfeld und Bimbach"},"content":{"rendered":"<p>In der Turnhalle der Grundschule in Hosenfeld sind verschiedene Sanierungsma\u00dfnahmen erforderlich, die aus dem kommunalen Investitionsprogramm finanziert werden. F\u00fcr 63.300 Euro hat der Kreisausschuss die Heizungs-, L\u00fcftungs- und Sanit\u00e4rarbeiten vergeben. Auch werden im Obergeschoss der Grundschule die zwei Klassenr\u00e4ume sowie der Flur saniert sowie ein Werkraum zu einem Klassenraum umgebaut. Die Kosten f\u00fcr die Elektroinstallation belaufen sich 40.300 Euro. Auch wurden f\u00fcr 74.600 Euro die Heizungs-, L\u00fcftungs- und Sanit\u00e4rarbeiten sowie f\u00fcr 50.400 Euro die Elektroarbeiten zur brandschutztechnischen und energetischen Ert\u00fcchtigung der Turnhalle der Grundschule in Bimbach vergeben. <\/p>\n","protected":false},"excerpt":{"rendered":"<div class=\"tmnf_excerpt\"><p>In der Turnhalle der Grundschule in Hosenfeld sind verschiedene Sanierungsma\u00dfnahmen erforderlich, die aus dem kommunalen Investitionsprogramm finanziert werden. F\u00fcr 63.300 Euro hat der Kreisausschuss die Heizungs-, L\u00fcftungs- und Sanit\u00e4rarbeiten vergeben. Auch werden im Obergeschoss der Grundschule die zwei Klassenr\u00e4ume sowie der Flur saniert sowie ein Werkraum zu einem Klassenraum umgebaut. Die Kosten f\u00fcr die Elektroinstallation &hellip;<\/p>\n<\/div>","protected":false},"author":1,"featured_media":0,"comment_status":"closed","ping_status":"closed","sticky":false,"template":"","format":"standard","meta":{"footnotes":""},"categories":[1],"tags":[],"class_list":["post-164839","post","type-post","status-publish","format-standard","hentry","category-startseite"],"_links":{"self":[{"href":"https:\/\/www.fuldaernachrichten.de\/index.php?rest_route=\/wp\/v2\/posts\/164839","targetHints":{"allow":["GET"]}}],"collection":[{"href":"https:\/\/www.fuldaernachrichten.de\/index.php?rest_route=\/wp\/v2\/posts"}],"about":[{"href":"https:\/\/www.fuldaernachrichten.de\/index.php?rest_route=\/wp\/v2\/types\/post"}],"author":[{"embeddable":true,"href":"https:\/\/www.fuldaernachrichten.de\/index.php?rest_route=\/wp\/v2\/users\/1"}],"replies":[{"embeddable":true,"href":"https:\/\/www.fuldaernachrichten.de\/index.php?rest_route=%2Fwp%2Fv2%2Fcomments&post=164839"}],"version-history":[{"count":1,"href":"https:\/\/www.fuldaernachrichten.de\/index.php?rest_route=\/wp\/v2\/posts\/164839\/revisions"}],"predecessor-version":[{"id":164847,"href":"https:\/\/www.fuldaernachrichten.de\/index.php?rest_route=\/wp\/v2\/posts\/164839\/revisions\/164847"}],"wp:attachment":[{"href":"https:\/\/www.fuldaernachrichten.de\/index.php?rest_route=%2Fwp%2Fv2%2Fmedia&parent=164839"}],"wp:term":[{"taxonomy":"category","embeddable":true,"href":"https:\/\/www.fuldaernachrichten.de\/index.php?rest_route=%2Fwp%2Fv2%2Fcategories&post=164839"},{"taxonomy":"post_tag","embeddable":true,"href":"https:\/\/www.fuldaernachrichten.de\/index.php?rest_route=%2Fwp%2Fv2%2Ftags&post=164839"}],"curies":[{"name":"wp","href":"https:\/\/api.w.org\/{rel}","templated":true}]}}