{"id":164838,"date":"2017-06-26T09:21:40","date_gmt":"2017-06-26T07:21:40","guid":{"rendered":"http:\/\/www.fuldaer-nachrichten.de\/?p=164838"},"modified":"2017-06-26T09:21:40","modified_gmt":"2017-06-26T07:21:40","slug":"klosterzelten-work-spirit-am-frauenberg","status":"publish","type":"post","link":"https:\/\/www.fuldaernachrichten.de\/?p=164838","title":{"rendered":"Klosterzelten \u201eWork &#038; Spirit\u201c am Frauenberg"},"content":{"rendered":"<p>Unter dem Motto \u201eWork &#038; Spirit\u201c findet ab Montag, den 26. Juni, das erste Zeltlager im Garten des Kloster Frauenbergs statt. Bis zum 9. Juli sind Jugendliche und junge Erwachsene eingeladen, hier ein paar spannende Tage zu verbringen. Die Teilnehmer k\u00f6nnen an verschiedenen Freizeit- und Sportaktivit\u00e4ten teilnehmen, bei der Gestaltung des Klosters mitwirken oder eine Klosterf\u00fchrung bei Nacht erleben. Dar\u00fcber hinaus bleibt ausreichend Zeit f\u00fcr spirituelle Impulse, Gespr\u00e4che mit den Franziskanerbr\u00fcdern und vieles mehr. <\/p>\n<p>Eine Teilnahme kann tageweise oder \u00fcber den gesamten Zeitraum in Anspruch genommen werden. Die Teilnahmegeb\u00fchr betr\u00e4gt pro Tag sechs Euro. Fragen und Anmeldung nimmt Bruder Pascal Sommersdorfer unter (0151) 40257909 entgegen oder per E-Mail an bruder.pascal@frauenberg-fulda.de. <\/p>\n","protected":false},"excerpt":{"rendered":"<div class=\"tmnf_excerpt\"><p>Unter dem Motto \u201eWork &#038; Spirit\u201c findet ab Montag, den 26. Juni, das erste Zeltlager im Garten des Kloster Frauenbergs statt. Bis zum 9. Juli sind Jugendliche und junge Erwachsene eingeladen, hier ein paar spannende Tage zu verbringen. Die Teilnehmer k\u00f6nnen an verschiedenen Freizeit- und Sportaktivit\u00e4ten teilnehmen, bei der Gestaltung des Klosters mitwirken oder eine &hellip;<\/p>\n<\/div>","protected":false},"author":1,"featured_media":164844,"comment_status":"closed","ping_status":"closed","sticky":false,"template":"","format":"standard","meta":{"footnotes":""},"categories":[1],"tags":[],"class_list":["post-164838","post","type-post","status-publish","format-standard","has-post-thumbnail","hentry","category-startseite"],"_links":{"self":[{"href":"https:\/\/www.fuldaernachrichten.de\/index.php?rest_route=\/wp\/v2\/posts\/164838","targetHints":{"allow":["GET"]}}],"collection":[{"href":"https:\/\/www.fuldaernachrichten.de\/index.php?rest_route=\/wp\/v2\/posts"}],"about":[{"href":"https:\/\/www.fuldaernachrichten.de\/index.php?rest_route=\/wp\/v2\/types\/post"}],"author":[{"embeddable":true,"href":"https:\/\/www.fuldaernachrichten.de\/index.php?rest_route=\/wp\/v2\/users\/1"}],"replies":[{"embeddable":true,"href":"https:\/\/www.fuldaernachrichten.de\/index.php?rest_route=%2Fwp%2Fv2%2Fcomments&post=164838"}],"version-history":[{"count":1,"href":"https:\/\/www.fuldaernachrichten.de\/index.php?rest_route=\/wp\/v2\/posts\/164838\/revisions"}],"predecessor-version":[{"id":164845,"href":"https:\/\/www.fuldaernachrichten.de\/index.php?rest_route=\/wp\/v2\/posts\/164838\/revisions\/164845"}],"wp:featuredmedia":[{"embeddable":true,"href":"https:\/\/www.fuldaernachrichten.de\/index.php?rest_route=\/wp\/v2\/media\/164844"}],"wp:attachment":[{"href":"https:\/\/www.fuldaernachrichten.de\/index.php?rest_route=%2Fwp%2Fv2%2Fmedia&parent=164838"}],"wp:term":[{"taxonomy":"category","embeddable":true,"href":"https:\/\/www.fuldaernachrichten.de\/index.php?rest_route=%2Fwp%2Fv2%2Fcategories&post=164838"},{"taxonomy":"post_tag","embeddable":true,"href":"https:\/\/www.fuldaernachrichten.de\/index.php?rest_route=%2Fwp%2Fv2%2Ftags&post=164838"}],"curies":[{"name":"wp","href":"https:\/\/api.w.org\/{rel}","templated":true}]}}