{"id":164830,"date":"2017-06-26T09:19:31","date_gmt":"2017-06-26T07:19:31","guid":{"rendered":"http:\/\/www.fuldaer-nachrichten.de\/?p=164830"},"modified":"2017-06-26T09:19:31","modified_gmt":"2017-06-26T07:19:31","slug":"projekt-wort-los-der-caritas-behindertenhilfe-gewinnt-innovatio-publikumspreis","status":"publish","type":"post","link":"https:\/\/www.fuldaernachrichten.de\/?p=164830","title":{"rendered":"Projekt wort.los der Caritas Behindertenhilfe gewinnt innovatio-Publikumspreis"},"content":{"rendered":"<p><a href=\"http:\/\/www.fuldaer-nachrichten.de\/wp-content\/uploads\/2017\/06\/zu-46-cs_Screenshot_innovatioPublikumspreis.jpg\"><img decoding=\"async\" src=\"http:\/\/www.fuldaer-nachrichten.de\/wp-content\/uploads\/2017\/06\/zu-46-cs_Screenshot_innovatioPublikumspreis-265x186.jpg\" alt=\"\" width=\"265\" height=\"186\" class=\"alignleft size-thumbnail wp-image-164831\" srcset=\"https:\/\/www.fuldaernachrichten.de\/wp-content\/uploads\/2017\/06\/zu-46-cs_Screenshot_innovatioPublikumspreis-265x186.jpg 265w, https:\/\/www.fuldaernachrichten.de\/wp-content\/uploads\/2017\/06\/zu-46-cs_Screenshot_innovatioPublikumspreis-768x538.jpg 768w, https:\/\/www.fuldaernachrichten.de\/wp-content\/uploads\/2017\/06\/zu-46-cs_Screenshot_innovatioPublikumspreis-600x420.jpg 600w, https:\/\/www.fuldaernachrichten.de\/wp-content\/uploads\/2017\/06\/zu-46-cs_Screenshot_innovatioPublikumspreis.jpg 900w\" sizes=\"(max-width: 265px) 100vw, 265px\" \/><\/a>Mit \u00fcber 6.700 Stimmen hat das Projekt \u201ewort.los\u201c den vierw\u00f6chigen Wettbewerb um den Publikumspreis des innovatio-Sozialpreises 2017 f\u00fcr sich entschieden. wort.los ist ein Projekt der  Caritas Behindertenhilfe und Psychiatrie in Kooperation mit dem Sozialdienst f\u00fcr Geh\u00f6rlose des Regional-Caritasverbandes Fulda und zeigt Alternativen und Erg\u00e4nzungen zur Lautsprache wie der Geb\u00e4rdensprache: \u00dcber unterschiedliche Materialien und Medien soll hierbei das  Lernen von Geb\u00e4rden f\u00fcr Jedermann auf einfache Weise m\u00f6glich gemacht werden. F\u00fcr nicht h\u00f6rende Menschen, Menschen mit H\u00f6rbeeintr\u00e4chtigungen sowie auch f\u00fcr nicht oder nicht verst\u00e4ndlich sprechende Menschen sind Geb\u00e4rden eine wichtige Kommunikationsform. Doch diese Geb\u00e4rden nutzen nat\u00fcrlich nur, wenn sie auch verstanden werden. An diesem Punkt setzt das Projekt wort.los an und wurde nun durch die Publikumswahl des Sozialpreises in seiner Arbeit best\u00e4tigt.<\/p>\n<p>Der Publikumspreis des innovatio ist ein gro\u00dfer Erfolg: Wie gro\u00df die Freude bei den Klienten und Mitarbeitern der Caritas-Behindertenhilfe dar\u00fcber ist, zeigt unser Pressefoto. Herzlichen Dank f\u00fcr alle, die wort.los durch die Abstimmung im Internet unterst\u00fctzt haben! <\/p>\n<p>Mehr \u00fcber wort.los k\u00f6nnen alle Interessierten im Internet unter www.wort-los-fulda.de erfahren. Oder sie kommen morgen am 23. Juni zwischen 12.00 und 16.00 Uhr auf den Fuldaer Universit\u00e4tsplatz zum Caritas-Aktionstag \u201eVon Mensch zu Mensch\u201c, wo wort.los neben vielen anderen einen eigenen Stand hat: Live vor Ort wird mit interessierten Passanten ein  Geb\u00e4rdenplakat zum Thema \u201eFingeralphabet\u201c erstellt. Ein weiterer interessanter Programmpunkt wird gegen 15:15 Uhr der gemeinsame Auftritt des Geb\u00e4rdenchors der Caritas Werkstatt Fulda mit der UMA-Band der Caritas Jugendhilfe auf der B\u00fchne sein. Zusammen  werden die Gruppen ein Lied performen. Alle Fuldaer und alle G\u00e4ste der Stadt  sind zu dem Aktionstag der Caritas im Bistum Fulda  ganz herzlich eingeladen.<\/p>\n","protected":false},"excerpt":{"rendered":"<div class=\"tmnf_excerpt\"><p>Mit \u00fcber 6.700 Stimmen hat das Projekt \u201ewort.los\u201c den vierw\u00f6chigen Wettbewerb um den Publikumspreis des innovatio-Sozialpreises 2017 f\u00fcr sich entschieden. wort.los ist ein Projekt der Caritas Behindertenhilfe und Psychiatrie in Kooperation mit dem Sozialdienst f\u00fcr Geh\u00f6rlose des Regional-Caritasverbandes Fulda und zeigt Alternativen und Erg\u00e4nzungen zur Lautsprache wie der Geb\u00e4rdensprache: \u00dcber unterschiedliche Materialien und Medien soll &hellip;<\/p>\n<\/div>","protected":false},"author":1,"featured_media":164832,"comment_status":"closed","ping_status":"closed","sticky":false,"template":"","format":"standard","meta":{"footnotes":""},"categories":[1],"tags":[],"class_list":["post-164830","post","type-post","status-publish","format-standard","has-post-thumbnail","hentry","category-startseite"],"_links":{"self":[{"href":"https:\/\/www.fuldaernachrichten.de\/index.php?rest_route=\/wp\/v2\/posts\/164830","targetHints":{"allow":["GET"]}}],"collection":[{"href":"https:\/\/www.fuldaernachrichten.de\/index.php?rest_route=\/wp\/v2\/posts"}],"about":[{"href":"https:\/\/www.fuldaernachrichten.de\/index.php?rest_route=\/wp\/v2\/types\/post"}],"author":[{"embeddable":true,"href":"https:\/\/www.fuldaernachrichten.de\/index.php?rest_route=\/wp\/v2\/users\/1"}],"replies":[{"embeddable":true,"href":"https:\/\/www.fuldaernachrichten.de\/index.php?rest_route=%2Fwp%2Fv2%2Fcomments&post=164830"}],"version-history":[{"count":1,"href":"https:\/\/www.fuldaernachrichten.de\/index.php?rest_route=\/wp\/v2\/posts\/164830\/revisions"}],"predecessor-version":[{"id":164833,"href":"https:\/\/www.fuldaernachrichten.de\/index.php?rest_route=\/wp\/v2\/posts\/164830\/revisions\/164833"}],"wp:featuredmedia":[{"embeddable":true,"href":"https:\/\/www.fuldaernachrichten.de\/index.php?rest_route=\/wp\/v2\/media\/164832"}],"wp:attachment":[{"href":"https:\/\/www.fuldaernachrichten.de\/index.php?rest_route=%2Fwp%2Fv2%2Fmedia&parent=164830"}],"wp:term":[{"taxonomy":"category","embeddable":true,"href":"https:\/\/www.fuldaernachrichten.de\/index.php?rest_route=%2Fwp%2Fv2%2Fcategories&post=164830"},{"taxonomy":"post_tag","embeddable":true,"href":"https:\/\/www.fuldaernachrichten.de\/index.php?rest_route=%2Fwp%2Fv2%2Ftags&post=164830"}],"curies":[{"name":"wp","href":"https:\/\/api.w.org\/{rel}","templated":true}]}}