{"id":164827,"date":"2017-06-26T09:20:27","date_gmt":"2017-06-26T07:20:27","guid":{"rendered":"http:\/\/www.fuldaer-nachrichten.de\/?p=164827"},"modified":"2017-06-26T09:20:27","modified_gmt":"2017-06-26T07:20:27","slug":"gruenes-licht-fuers-gesetz-generalistische-pflegeausbildung-kommt","status":"publish","type":"post","link":"https:\/\/www.fuldaernachrichten.de\/?p=164827","title":{"rendered":"Gr\u00fcnes Licht f\u00fcrs Gesetz: Generalistische Pflegeausbildung kommt"},"content":{"rendered":"<p>Der Di\u00f6zesan-Caritasverband Fulda und der Deutsche Caritasverband sind sich einig: Das neue Pflegeberufegesetz ist ein wichtiger Schritt, um die Pflegeausbildung zukunftssicher zu machen. Die Caritas freut sich, dass dies nach langem und z\u00e4hem Ringen endlich gelungen ist. Das Gesetz greift 2020 \u2013 ab dann soll die neue Ausbildung umgesetzt werden. Auszubildende in der Pflegebranche k\u00f6nnen sich auch dar\u00fcber freuen, dass dann Schulgeldfreiheit gilt. Au\u00dferdem gibt es eine ver\u00e4nderte Ausbildungsverg\u00fctung. <\/p>\n<p>\u201eDie Verg\u00fctung bei der Ausbildung in einem gesellschaftlich so bedeutenden und fachlich so anspruchsvollen Arbeitsfeld wie der Pflege muss nat\u00fcrlich stimmen\u201c, betonte in seiner Stellungnahme der Fuldaer Di\u00f6zesan-Caritasdirektor Dr. Markus Juch, der sich wie Caritas-Pr\u00e4sident Neher bez\u00fcglich der Entscheidung pro Pflegeberufegesetz sehr erfreut zeigte. \u201eVor allem steigen aber auch die Berufs- und Karrierechancen, weil der Wechsel zwischen verschiedenen Berufsfeldern m\u00f6glich wird. Unsere Altenpflegeschule hat in Erwartung der Ver\u00e4nderungen bei der Ausbildung bereits viele Weichen gestellt, und wir werden in der Region Fulda nat\u00fcrlich auch unter den neuen Rahmenbedingungen zusammen mit den Pflegeeinrichtungen weiter daf\u00fcr sorgen, dass eine qualitativ hochwertige Pflegeausbildung   zum Wohle der Pflegebed\u00fcrftigen gew\u00e4hrleistet ist! Die Caritas Fulda freut sich auf diese neue, spannende \u00c4ra ihrer Pflegeschule\u201c. Das heute verabschiedete Gesetz sieht vor, dass ab 2020 die generalistische Pflegeausbildung verbindlich eingef\u00fchrt wird.\u00e2\u20ac\u00a8\u00e2\u20ac\u00a8Die neue Pflegeausbildung ber\u00fccksichtigt, dass es zuk\u00fcnftig eine wachsende Zahl sehr alter Menschen gibt, die mehr medizinische Behandlungspflege brauchen. Krankenpflegerinnen und Krankenpfleger m\u00fcssen zudem k\u00fcnftig vermehrt mit demenzerkrankten Menschen in den Kliniken umgehen k\u00f6nnen. Die generalistische Ausbildung soll diesem Umstand Rechnung tragen und die Kompetenzen der k\u00fcnftigen Pflegefachm\u00e4nner und -frauen nochmals erweitern. \u00e2\u20ac\u00a8\u00e2\u20ac\u00a8Neben der generalistischen Pflegeausbildung sieht der Kompromiss zur Pflegeausbildung vor, dass Auszubildende k\u00fcnftig im dritten Ausbildungsjahr entscheiden k\u00f6nnen, ob sie weiterhin die Spezialisierung in der Alten- oder Kinderkrankenpflege anstreben, oder den neuen generalistischen Berufsabschluss w\u00e4hlen. Dabei werden in den ersten beiden Jahren der Ausbildung alle Auszubildenden, auch die Alten- und Kinderkrankenpfleger, gemeinsam unterrichtet. Das bundesweite Umlageverfahren verhindert zudem, dass Einrichtungen, die ausbilden, gegen\u00fcber den nicht ausbildenden Einrichtungen wirtschaftlich benachteiligt werden.<\/p>\n","protected":false},"excerpt":{"rendered":"<div class=\"tmnf_excerpt\"><p>Der Di\u00f6zesan-Caritasverband Fulda und der Deutsche Caritasverband sind sich einig: Das neue Pflegeberufegesetz ist ein wichtiger Schritt, um die Pflegeausbildung zukunftssicher zu machen. Die Caritas freut sich, dass dies nach langem und z\u00e4hem Ringen endlich gelungen ist. Das Gesetz greift 2020 \u2013 ab dann soll die neue Ausbildung umgesetzt werden. Auszubildende in der Pflegebranche k\u00f6nnen &hellip;<\/p>\n<\/div>","protected":false},"author":1,"featured_media":164836,"comment_status":"closed","ping_status":"closed","sticky":false,"template":"","format":"standard","meta":{"footnotes":""},"categories":[1],"tags":[],"class_list":["post-164827","post","type-post","status-publish","format-standard","has-post-thumbnail","hentry","category-startseite"],"_links":{"self":[{"href":"https:\/\/www.fuldaernachrichten.de\/index.php?rest_route=\/wp\/v2\/posts\/164827","targetHints":{"allow":["GET"]}}],"collection":[{"href":"https:\/\/www.fuldaernachrichten.de\/index.php?rest_route=\/wp\/v2\/posts"}],"about":[{"href":"https:\/\/www.fuldaernachrichten.de\/index.php?rest_route=\/wp\/v2\/types\/post"}],"author":[{"embeddable":true,"href":"https:\/\/www.fuldaernachrichten.de\/index.php?rest_route=\/wp\/v2\/users\/1"}],"replies":[{"embeddable":true,"href":"https:\/\/www.fuldaernachrichten.de\/index.php?rest_route=%2Fwp%2Fv2%2Fcomments&post=164827"}],"version-history":[{"count":1,"href":"https:\/\/www.fuldaernachrichten.de\/index.php?rest_route=\/wp\/v2\/posts\/164827\/revisions"}],"predecessor-version":[{"id":164837,"href":"https:\/\/www.fuldaernachrichten.de\/index.php?rest_route=\/wp\/v2\/posts\/164827\/revisions\/164837"}],"wp:featuredmedia":[{"embeddable":true,"href":"https:\/\/www.fuldaernachrichten.de\/index.php?rest_route=\/wp\/v2\/media\/164836"}],"wp:attachment":[{"href":"https:\/\/www.fuldaernachrichten.de\/index.php?rest_route=%2Fwp%2Fv2%2Fmedia&parent=164827"}],"wp:term":[{"taxonomy":"category","embeddable":true,"href":"https:\/\/www.fuldaernachrichten.de\/index.php?rest_route=%2Fwp%2Fv2%2Fcategories&post=164827"},{"taxonomy":"post_tag","embeddable":true,"href":"https:\/\/www.fuldaernachrichten.de\/index.php?rest_route=%2Fwp%2Fv2%2Ftags&post=164827"}],"curies":[{"name":"wp","href":"https:\/\/api.w.org\/{rel}","templated":true}]}}