{"id":164824,"date":"2017-06-26T09:16:15","date_gmt":"2017-06-26T07:16:15","guid":{"rendered":"http:\/\/www.fuldaer-nachrichten.de\/?p=164824"},"modified":"2017-06-26T09:16:15","modified_gmt":"2017-06-26T07:16:15","slug":"landrat-goerig-und-erster-kreisbeigeordneter-dr-mischak-empfingen-die-slogan-gewinner-im-lauterbacher-landratsamt","status":"publish","type":"post","link":"https:\/\/www.fuldaernachrichten.de\/?p=164824","title":{"rendered":"Landrat G\u00f6rig und Erster Kreisbeigeordneter Dr. Mischak empfingen die Slogan-Gewinner im Lauterbacher Landratsamt"},"content":{"rendered":"<p>Martin Minner, Helmut Kersten, Thomas Kielburger, Beate Go\u00dffelder-Michel und Petra Wahl wurden von Landrat Manfred G\u00f6rig und Erstem Kreisbeigeordneten Dr. Jens Mischak im Landratsamt in Lauterbach empfangen. Sie sind die Gewinner des Slogan-Wettbewerbs, an dem 160 B\u00fcrgerinnen und B\u00fcrger teilgenommen hatten (wir berichteten mehrfach). Beide Politiker lobten das herausragende Engagement und die Kreativit\u00e4t aller Teilnehmenden \u2013 insgesamt waren 400 Vorschl\u00e4ge eingereicht worden. Eine Jury hatte vor kurzem die f\u00fcnf Sieger-Slogans ausgew\u00e4hlt. Manfred G\u00f6rig und Dr. Jens Mischak bedankten sich bei den f\u00fcnf Gewinnern mit jeweils einem Gutschein von Direktvermarktern. Die Gewinner kommen aus Lauterbach, Holzm\u00fchl, Landenhausen, Homberg\/Ohm und Alsfeld.<\/p>\n<p>Eine Jury aus rund 50 Pers\u00f6nlichkeiten aus den Bereichen Jugend und Senioren aus der heimischen Wirtschaft, aus der Kultur sowie aus den Bereichen Medien und Tourismus hat eine Auswahl von Werbeaussagen getroffen, \u201edie prima zu den Zielen der bevorstehenden Marketing-Kampagne und zu den Besonderheiten der Region passen\u201c, erl\u00e4uterte Landrat G\u00f6rig. Er erinnerte an den Startschuss des Slogan-Aufrufs. In Freiensteinau war in Tischlerei Maul zu einem Unternehmer-Dialog eingeladen worden. \u201eWir k\u00f6nnen wirklich stolz auf unseren Vogelsberg sein \u2013 da w\u00e4re doch ein knackiger Slogan wirklich sehr hilfreich\u201c, hatte der Landrat damals vor \u00fcber 100 G\u00e4sten gesagt. Und so war der Wettbewerb geboren.<\/p>\n<p>Alle f\u00fcnf Sieger-Slogans haben nun die Chance, mit ihrer Frische und ihrem Selbstbewusstsein  Bestandteile der Werbekampagne zu werden, die bald in die Vorbereitung geht.<\/p>\n<p>Und hier sind die Slogans und die Damen und Herren, die die Impulse eingereicht haben:<\/p>\n<p>Der Vulkan schl\u00e4ft. Wir nicht. Vogelsberg.<br \/>\nEINSENDER: Martin Minner aus Lauterbach.<br \/>\nVogelsberg: Raus aus der Stadt \u2013 rein in die Natur.<br \/>\nEINSENDER: Helmut Kersten aus  Holzm\u00fchl.<br \/>\nDer Vogelsberg. Mitten in Europa.<br \/>\nEINSENDER: Thomas Kielburger aus Landenhausen.<br \/>\nVogelsberg: Mehr Platz f\u00fcr Leben und Arbeit.<br \/>\nEINSENDERIN: Beate Go\u00dffelder-Michel aus Homberg\/Ohm.<br \/>\nWo Kinder noch drau\u00dfen spielen: Vogelsberg.<br \/>\nEINSENDERIN: Petra Wahl aus Alsfeld.<\/p>\n<p>Landrat G\u00f6rig und Erster Kreisbeigeordneter Dr. Mischak gratulierten den f\u00fcnf Gewinnerinnen und Gewinnern und dankten dar\u00fcber hinaus erneut allen 160 Einsenderinnen und Einsendern sehr herzlich \u201ef\u00fcr das Einsenden der vielen guten Ideen, die alle f\u00fcr Heimatverbundenheit und regionales Selbstbewusstsein sprechen\u201c, so Dr. Mischak.<\/p>\n<p>Viele B\u00fcrgerinnen und B\u00fcrger fragten \u2013 zu Recht \u2013 warum die Auswertung so lange gedauert hat. Das kam so: Mit der Slogan-Aktion hatte sich der Anfang eines noch gr\u00f6\u00dferen Projekts \u00fcberschnitten, berichtete Dr. Mischak. Denn heimische Unternehmen und Kreispolitik haben im Herbst 2016 ein Regionalmarketingprojekt in Gang gesetzt. Nun gab es bereits einige Tagungen von Arbeitsgruppen, die sich \u00fcber Zielgruppen und zentrale Aussagen intensiv Gedanken gemacht haben. \u201eKlar ist: wir alle, die Wirtschaft und die Kreispolitik \u2013 wir wollen die Region gemeinsam selbstbewusster pr\u00e4sentieren und das Image verbessern\u201c, so Landrat G\u00f6rig.<\/p>\n<p>Nachdem nun die Kernaussagen einer bevorstehenden Kampagne herausgearbeitet worden seien, \u201ekamen nun die Vorschl\u00e4ge aus dem Slogan-Wettbewerb gerade recht f\u00fcr die n\u00e4chsten Schritte\u201c, erl\u00e4uterte Wirtschaftsdezernent Dr. Mischak. In den kommenden Monaten gehe es mit der Planung der Vermarktung der Region richtig los.<\/p>\n<p>\u201eAlle f\u00fcnf Sieger-Slogans werden in den weiteren Schritten des Marketings gleichrangig behandelt und haben alle die Chance, mit ihren frischen und kraftvollen Aspekten einzeln oder in einzelnen Aspekten Bestandteile der Werbekampagne zu werden, die nun in die Vorbereitung geht\u201c, so Erster Kreisbeigeordneter Dr. Mischak abschlie\u00dfend.<\/p>\n","protected":false},"excerpt":{"rendered":"<div class=\"tmnf_excerpt\"><p>Martin Minner, Helmut Kersten, Thomas Kielburger, Beate Go\u00dffelder-Michel und Petra Wahl wurden von Landrat Manfred G\u00f6rig und Erstem Kreisbeigeordneten Dr. Jens Mischak im Landratsamt in Lauterbach empfangen. Sie sind die Gewinner des Slogan-Wettbewerbs, an dem 160 B\u00fcrgerinnen und B\u00fcrger teilgenommen hatten (wir berichteten mehrfach). Beide Politiker lobten das herausragende Engagement und die Kreativit\u00e4t aller Teilnehmenden &hellip;<\/p>\n<\/div>","protected":false},"author":1,"featured_media":164825,"comment_status":"closed","ping_status":"closed","sticky":false,"template":"","format":"standard","meta":{"footnotes":""},"categories":[1],"tags":[],"class_list":["post-164824","post","type-post","status-publish","format-standard","has-post-thumbnail","hentry","category-startseite"],"_links":{"self":[{"href":"https:\/\/www.fuldaernachrichten.de\/index.php?rest_route=\/wp\/v2\/posts\/164824","targetHints":{"allow":["GET"]}}],"collection":[{"href":"https:\/\/www.fuldaernachrichten.de\/index.php?rest_route=\/wp\/v2\/posts"}],"about":[{"href":"https:\/\/www.fuldaernachrichten.de\/index.php?rest_route=\/wp\/v2\/types\/post"}],"author":[{"embeddable":true,"href":"https:\/\/www.fuldaernachrichten.de\/index.php?rest_route=\/wp\/v2\/users\/1"}],"replies":[{"embeddable":true,"href":"https:\/\/www.fuldaernachrichten.de\/index.php?rest_route=%2Fwp%2Fv2%2Fcomments&post=164824"}],"version-history":[{"count":1,"href":"https:\/\/www.fuldaernachrichten.de\/index.php?rest_route=\/wp\/v2\/posts\/164824\/revisions"}],"predecessor-version":[{"id":164826,"href":"https:\/\/www.fuldaernachrichten.de\/index.php?rest_route=\/wp\/v2\/posts\/164824\/revisions\/164826"}],"wp:featuredmedia":[{"embeddable":true,"href":"https:\/\/www.fuldaernachrichten.de\/index.php?rest_route=\/wp\/v2\/media\/164825"}],"wp:attachment":[{"href":"https:\/\/www.fuldaernachrichten.de\/index.php?rest_route=%2Fwp%2Fv2%2Fmedia&parent=164824"}],"wp:term":[{"taxonomy":"category","embeddable":true,"href":"https:\/\/www.fuldaernachrichten.de\/index.php?rest_route=%2Fwp%2Fv2%2Fcategories&post=164824"},{"taxonomy":"post_tag","embeddable":true,"href":"https:\/\/www.fuldaernachrichten.de\/index.php?rest_route=%2Fwp%2Fv2%2Ftags&post=164824"}],"curies":[{"name":"wp","href":"https:\/\/api.w.org\/{rel}","templated":true}]}}