{"id":164820,"date":"2017-06-26T09:14:38","date_gmt":"2017-06-26T07:14:38","guid":{"rendered":"http:\/\/www.fuldaer-nachrichten.de\/?p=164820"},"modified":"2017-06-26T09:14:38","modified_gmt":"2017-06-26T07:14:38","slug":"miniclub-in-der-muetze-hat-noch-plaetze-frei","status":"publish","type":"post","link":"https:\/\/www.fuldaernachrichten.de\/?p=164820","title":{"rendered":"Miniclub in der M\u00fctze hat noch Pl\u00e4tze frei"},"content":{"rendered":"<p>Der U3 Miniclub im M\u00fctterzentrum \u201eDie M\u00dcTZE\u201c, Gallasiniring 8, in Fulda hat ab August\/September 2017 noch Pl\u00e4tze frei. Im Miniclub \u201eDie Fl\u00f6he\u201c und \u201eDie Strolche\u201c werden montags und donnerstags oder mittwochs und freitags jeweils in der Zeit von 8.30 \u2013 11.30 Uhr Kinder im Alter von 15 Monaten bis 3 Jahren in einer festen Gruppe betreut.<br \/>\nDie Kinder k\u00f6nnen soziale Kontakte kn\u00fcpfen und sich in einer vertrauten Gruppe in kleinen Schritten von den Eltern l\u00f6sen. Auch durch den strukturierten Tagesablauf mit gemeinsamen Fr\u00fchst\u00fcck, Spielen und \u201eStuhlkreis\u201c werden die Kinder auf den Kindergarten vorbereitet.<br \/>\nEine Anmeldung ist erforderlich, n\u00e4here Informationen unter Tel. 0661\/8050, Mo. \u2013 Fr.<br \/>\nin der Zeit von 9.00 \u2013 13.00 Uhr.<\/p>\n","protected":false},"excerpt":{"rendered":"<div class=\"tmnf_excerpt\"><p>Der U3 Miniclub im M\u00fctterzentrum \u201eDie M\u00dcTZE\u201c, Gallasiniring 8, in Fulda hat ab August\/September 2017 noch Pl\u00e4tze frei. Im Miniclub \u201eDie Fl\u00f6he\u201c und \u201eDie Strolche\u201c werden montags und donnerstags oder mittwochs und freitags jeweils in der Zeit von 8.30 \u2013 11.30 Uhr Kinder im Alter von 15 Monaten bis 3 Jahren in einer festen Gruppe &hellip;<\/p>\n<\/div>","protected":false},"author":1,"featured_media":0,"comment_status":"closed","ping_status":"closed","sticky":false,"template":"","format":"standard","meta":{"footnotes":""},"categories":[1],"tags":[],"class_list":["post-164820","post","type-post","status-publish","format-standard","hentry","category-startseite"],"_links":{"self":[{"href":"https:\/\/www.fuldaernachrichten.de\/index.php?rest_route=\/wp\/v2\/posts\/164820","targetHints":{"allow":["GET"]}}],"collection":[{"href":"https:\/\/www.fuldaernachrichten.de\/index.php?rest_route=\/wp\/v2\/posts"}],"about":[{"href":"https:\/\/www.fuldaernachrichten.de\/index.php?rest_route=\/wp\/v2\/types\/post"}],"author":[{"embeddable":true,"href":"https:\/\/www.fuldaernachrichten.de\/index.php?rest_route=\/wp\/v2\/users\/1"}],"replies":[{"embeddable":true,"href":"https:\/\/www.fuldaernachrichten.de\/index.php?rest_route=%2Fwp%2Fv2%2Fcomments&post=164820"}],"version-history":[{"count":1,"href":"https:\/\/www.fuldaernachrichten.de\/index.php?rest_route=\/wp\/v2\/posts\/164820\/revisions"}],"predecessor-version":[{"id":164823,"href":"https:\/\/www.fuldaernachrichten.de\/index.php?rest_route=\/wp\/v2\/posts\/164820\/revisions\/164823"}],"wp:attachment":[{"href":"https:\/\/www.fuldaernachrichten.de\/index.php?rest_route=%2Fwp%2Fv2%2Fmedia&parent=164820"}],"wp:term":[{"taxonomy":"category","embeddable":true,"href":"https:\/\/www.fuldaernachrichten.de\/index.php?rest_route=%2Fwp%2Fv2%2Fcategories&post=164820"},{"taxonomy":"post_tag","embeddable":true,"href":"https:\/\/www.fuldaernachrichten.de\/index.php?rest_route=%2Fwp%2Fv2%2Ftags&post=164820"}],"curies":[{"name":"wp","href":"https:\/\/api.w.org\/{rel}","templated":true}]}}