{"id":164819,"date":"2017-06-26T09:20:48","date_gmt":"2017-06-26T07:20:48","guid":{"rendered":"http:\/\/www.fuldaer-nachrichten.de\/?p=164819"},"modified":"2017-06-26T09:20:48","modified_gmt":"2017-06-26T07:20:48","slug":"kita-praeventionspreis-erste-plaetze-fuer-einrichtungen-in-darmstadt-und-bad-nauheim","status":"publish","type":"post","link":"https:\/\/www.fuldaernachrichten.de\/?p=164819","title":{"rendered":"Kita-Pr\u00e4ventionspreis: Erste Pl\u00e4tze f\u00fcr Einrichtungen in Darmstadt und Bad Nauheim"},"content":{"rendered":"<p>Insgesamt 44 Kitas aus ganz Hessen haben sich mit ihren Projekten f\u00fcr den Kita-Pr\u00e4ventionspreis beworben. Bereits zum vierten Mal hat die AOK Hessen wirksame und nachhaltige Ideen zur Gesundheitsf\u00f6rderung in insgesamt drei Kategorien gesucht. Erste Pl\u00e4tze belegen diesmal Einrichtungen aus Darmstadt und Bad Nauheim. In der Gie\u00dfener Stadthalle fand hierzu am heutigen Donnerstag ein Festakt vor \u00fcber 300 G\u00e4sten statt.<\/p>\n<p>Die Moderation \u00fcbernahm Pr\u00e4ventionschefin Kerstin Roth, die auch der dreik\u00f6pfigen Jury vorsteht: \u201eWir waren erneut erstaunt \u00fcber die Variationsbreite der Einsendungen. Man k\u00f6nnte meinen, dass sich vieles von Jahr zu Jahr wiederholt, aber das ist in weiten Teilen \u00fcberhaupt nicht der Fall. Doch nicht nur von der Originalit\u00e4t der Projekte waren wir begeistert, sondern auch von der Stringenz in der Umsetzung.\u201c Wie im Vorjahr gab es drei Kategorien: Kindergesundheit, ErzieherInnengesundheit und Elternpartizipation. Die jeweils ersten Pl\u00e4tze bekamen einen Geldpreis in H\u00f6he von 3.000 Euro zuerkannt, zweite Pl\u00e4tze 2.000 Euro und dritte Pl\u00e4tze 1.000 Euro. Somit sind insgesamt 18.000 Euro an die Gewinner geflossen.<\/p>\n<p>Unter allen neun Siegern sind zwei Einrichtungen aus Darmstadt und zwei aus Gie\u00dfen-Linden. Weitere Gewinner kommen z. B. aus Bad Zwesten, Kassel und Bad Camberg. Das Spektrum der Aktivit\u00e4ten ist breit, reicht von der Chill-Out-Zone im Kita-Garten \u00fcber Elternfitness bis zu einem Programm zur \u201ehundegest\u00fctzten Intervention\u201c, in denen die Besuchshunde Grimm und Unfug zum Einsatz kommen, so in der St\u00e4dtischen Kita \u201eDie Sichler\u201c in Bad Nauheim, was die Jury letztlich auch zu einem ersten Platz bewog. Die jeweils ersten Pl\u00e4tze zeichnen sich ohnehin durch besonders \u00fcberzeugende und mehrteilige Gestaltung aus. Die \u201eLindener Zwerge\u201c (2. Platz Kindergesundheit), die Einrichtung besteht schon seit 104 Jahren, in \u201eWas schenkt uns die Natur\u201c werden ihre Sch\u00fctzlinge an \u00f6kologische Landwirtschaft, Tierzucht und Lebensmittelherstellung heran gef\u00fchrt. Gemeinsam mit M\u00fcttern wurden Hoch-Beete gebaut, Obstb\u00e4ume gepflanzt, eine Kl\u00e4ranlage in Sch\u00f6ffengrund besucht und der Wasserkreislauf thematisiert.<\/p>\n<p>Im Bereich der ErzieherInnengesundheit liegen \u201eDie wilden Hummeln DATG\u201c aus Darmstadt ganz vorne. Ausgehend von einem relativ hohen Krankenstand, einem starken L\u00e4rmpegel und \u00fcberdurchschnittlicher Arbeitsbelastung wurde die Gesundheitsf\u00f6rderung fest in den Arbeitsalltag integriert. Das reicht von w\u00f6chentlicher R\u00fcckenfitness \u00fcber Yogakissen bis hin zu einem Teamtag, an dem neben anderen Themen auch die Stressbew\u00e4ltigung in den Blick genommen wurde. Au\u00dferdem kooperiert die Kita mit einem Fitness-Studio, und dies ist nur ein kleiner Ausschnitt des umf\u00e4nglichen Ma\u00dfnahmenpaketes. Auch bei der Elternpartizipation hat Darmstadt die Nase vorn: Die Integrative Kindertagesst\u00e4tte St. Elisabeth bewirtschaftet einen Saisongarten auf dem Oberfeld in Demeter-Qualit\u00e4t, und hier sind die Eltern aktiv beteiligt. Es wird Unkraut gezupft, gehackt, gepflanzt, gegossen, sogar an Wochenenden. Zum Erntedankfest wird der Garten abgeerntet und im Kindergarten eine Gem\u00fcsesuppe gekocht. Hier haben die Kinder Gelegenheit \u2013 und f\u00fcr die meisten von ihnen ist es sogar eine Premiere \u2013 Gem\u00fcse wie Fenchel, Pastinaken, Schwarzwurzeln oder Mangold kennenzulernen.<\/p>\n","protected":false},"excerpt":{"rendered":"<div class=\"tmnf_excerpt\"><p>Insgesamt 44 Kitas aus ganz Hessen haben sich mit ihren Projekten f\u00fcr den Kita-Pr\u00e4ventionspreis beworben. Bereits zum vierten Mal hat die AOK Hessen wirksame und nachhaltige Ideen zur Gesundheitsf\u00f6rderung in insgesamt drei Kategorien gesucht. Erste Pl\u00e4tze belegen diesmal Einrichtungen aus Darmstadt und Bad Nauheim. In der Gie\u00dfener Stadthalle fand hierzu am heutigen Donnerstag ein Festakt &hellip;<\/p>\n<\/div>","protected":false},"author":1,"featured_media":0,"comment_status":"closed","ping_status":"closed","sticky":false,"template":"","format":"standard","meta":{"footnotes":""},"categories":[1],"tags":[],"class_list":["post-164819","post","type-post","status-publish","format-standard","hentry","category-startseite"],"_links":{"self":[{"href":"https:\/\/www.fuldaernachrichten.de\/index.php?rest_route=\/wp\/v2\/posts\/164819","targetHints":{"allow":["GET"]}}],"collection":[{"href":"https:\/\/www.fuldaernachrichten.de\/index.php?rest_route=\/wp\/v2\/posts"}],"about":[{"href":"https:\/\/www.fuldaernachrichten.de\/index.php?rest_route=\/wp\/v2\/types\/post"}],"author":[{"embeddable":true,"href":"https:\/\/www.fuldaernachrichten.de\/index.php?rest_route=\/wp\/v2\/users\/1"}],"replies":[{"embeddable":true,"href":"https:\/\/www.fuldaernachrichten.de\/index.php?rest_route=%2Fwp%2Fv2%2Fcomments&post=164819"}],"version-history":[{"count":1,"href":"https:\/\/www.fuldaernachrichten.de\/index.php?rest_route=\/wp\/v2\/posts\/164819\/revisions"}],"predecessor-version":[{"id":164840,"href":"https:\/\/www.fuldaernachrichten.de\/index.php?rest_route=\/wp\/v2\/posts\/164819\/revisions\/164840"}],"wp:attachment":[{"href":"https:\/\/www.fuldaernachrichten.de\/index.php?rest_route=%2Fwp%2Fv2%2Fmedia&parent=164819"}],"wp:term":[{"taxonomy":"category","embeddable":true,"href":"https:\/\/www.fuldaernachrichten.de\/index.php?rest_route=%2Fwp%2Fv2%2Fcategories&post=164819"},{"taxonomy":"post_tag","embeddable":true,"href":"https:\/\/www.fuldaernachrichten.de\/index.php?rest_route=%2Fwp%2Fv2%2Ftags&post=164819"}],"curies":[{"name":"wp","href":"https:\/\/api.w.org\/{rel}","templated":true}]}}