{"id":164815,"date":"2017-06-26T09:14:32","date_gmt":"2017-06-26T07:14:32","guid":{"rendered":"http:\/\/www.fuldaer-nachrichten.de\/?p=164815"},"modified":"2017-06-26T09:14:32","modified_gmt":"2017-06-26T07:14:32","slug":"preisverleihung-in-rostock-inklusive-grundschule-der-antonius-von-padua-schule-bekommt-jakob-muth-preis-2017-ueberreicht","status":"publish","type":"post","link":"https:\/\/www.fuldaernachrichten.de\/?p=164815","title":{"rendered":"Preisverleihung in Rostock: Inklusive Grundschule der Antonius von Padua Schule bekommt Jakob Muth-Preis 2017 \u00fcberreicht"},"content":{"rendered":"<p>Am Mittwoch, den 21. Juni, wurde der renommierte Jakob Muth-Preis an die inklusive Gundschule der Antonius von Padua Schule verliehen. Eine Gruppe aus Lehrern, Sch\u00fclern und Eltern reiste gemeinsam mit Schulleiter, Hanno Henkel, nach Rostock, um den Preis entgegenzunehmen. <\/p>\n<p>Mit dem Preis wurde das besondere Konzept der inklusiven Grundschule ausgezeichnet. Unter dem Motto \u201eDie Sch\u00fclerschule \u2013 gemeinsam sind wir Klasse\u201c werden hier seit 2014 Kinder mit und ohne besonderen F\u00f6rderbedarf unterrichtet. Die Sch\u00fcler lernen jahrgangs\u00fcbergreifend von- und miteinander. Sie bearbeiten ihre individuellen Lernziele in ihrer eigenen Lerngeschwindigkeit und k\u00f6nnen so individuell gef\u00f6rdert werden. Die inklusive Grundschule ist Teil des antonius Netzwerks.<\/p>\n<p>Mit dem Jakob Muth-Preis werden seit 2009 Schulen ausgezeichnet, die inklusive Bildung beispielhaft umsetzen und so allen Kindern die M\u00f6glichkeit er\u00f6ffnen, an hochwertiger Bildung teilzuhaben und ihre individuellen Potenziale zu entwickeln. Projekttr\u00e4ger des Jakob Muth-Preises sind die Beauftragte der Bundesregierung f\u00fcr die Belange von Menschen mit Behinderung, Verena Bentele, die Deutsche UNESCO-Kommission und die Bertelsmann Stiftung. Jedes Jahr werden drei Preise an Einzelschulen vergeben. Diese erhalten ein Preisgeld in H\u00f6he von jeweils 3.000 Euro. Au\u00dferdem erh\u00e4lt ein Schulverbund einen mit 5.000 \u00e2\u201a\u00ac dotierten Preis. <\/p>\n","protected":false},"excerpt":{"rendered":"<div class=\"tmnf_excerpt\"><p>Am Mittwoch, den 21. Juni, wurde der renommierte Jakob Muth-Preis an die inklusive Gundschule der Antonius von Padua Schule verliehen. Eine Gruppe aus Lehrern, Sch\u00fclern und Eltern reiste gemeinsam mit Schulleiter, Hanno Henkel, nach Rostock, um den Preis entgegenzunehmen. Mit dem Preis wurde das besondere Konzept der inklusiven Grundschule ausgezeichnet. Unter dem Motto \u201eDie Sch\u00fclerschule &hellip;<\/p>\n<\/div>","protected":false},"author":1,"featured_media":164821,"comment_status":"closed","ping_status":"closed","sticky":false,"template":"","format":"standard","meta":{"footnotes":""},"categories":[1],"tags":[],"class_list":["post-164815","post","type-post","status-publish","format-standard","has-post-thumbnail","hentry","category-startseite"],"_links":{"self":[{"href":"https:\/\/www.fuldaernachrichten.de\/index.php?rest_route=\/wp\/v2\/posts\/164815","targetHints":{"allow":["GET"]}}],"collection":[{"href":"https:\/\/www.fuldaernachrichten.de\/index.php?rest_route=\/wp\/v2\/posts"}],"about":[{"href":"https:\/\/www.fuldaernachrichten.de\/index.php?rest_route=\/wp\/v2\/types\/post"}],"author":[{"embeddable":true,"href":"https:\/\/www.fuldaernachrichten.de\/index.php?rest_route=\/wp\/v2\/users\/1"}],"replies":[{"embeddable":true,"href":"https:\/\/www.fuldaernachrichten.de\/index.php?rest_route=%2Fwp%2Fv2%2Fcomments&post=164815"}],"version-history":[{"count":1,"href":"https:\/\/www.fuldaernachrichten.de\/index.php?rest_route=\/wp\/v2\/posts\/164815\/revisions"}],"predecessor-version":[{"id":164822,"href":"https:\/\/www.fuldaernachrichten.de\/index.php?rest_route=\/wp\/v2\/posts\/164815\/revisions\/164822"}],"wp:featuredmedia":[{"embeddable":true,"href":"https:\/\/www.fuldaernachrichten.de\/index.php?rest_route=\/wp\/v2\/media\/164821"}],"wp:attachment":[{"href":"https:\/\/www.fuldaernachrichten.de\/index.php?rest_route=%2Fwp%2Fv2%2Fmedia&parent=164815"}],"wp:term":[{"taxonomy":"category","embeddable":true,"href":"https:\/\/www.fuldaernachrichten.de\/index.php?rest_route=%2Fwp%2Fv2%2Fcategories&post=164815"},{"taxonomy":"post_tag","embeddable":true,"href":"https:\/\/www.fuldaernachrichten.de\/index.php?rest_route=%2Fwp%2Fv2%2Ftags&post=164815"}],"curies":[{"name":"wp","href":"https:\/\/api.w.org\/{rel}","templated":true}]}}