{"id":164802,"date":"2017-06-26T09:10:19","date_gmt":"2017-06-26T07:10:19","guid":{"rendered":"http:\/\/www.fuldaer-nachrichten.de\/?p=164802"},"modified":"2017-12-17T14:25:08","modified_gmt":"2017-12-17T13:25:08","slug":"verpackungen-es-geht-auch-ohne-kunststoff","status":"publish","type":"post","link":"https:\/\/www.fuldaernachrichten.de\/?p=164802","title":{"rendered":"Verpackungen \u2013 es geht auch ohne Kunststoff"},"content":{"rendered":"<p>In den vergangenen Jahren hat die Umwelt stark unter dem <a href=\"https:\/\/www.rette-die-umwelt.com\">Bewusstsein der Menschen bez\u00fcglich der Natur<\/a> gelitten. Nun schl\u00e4gt sie zur\u00fcck und zeigt anhand der Erderw\u00e4rmung und den sich erh\u00f6henden Lufttemperaturen in Sommer und Winter, dass es so nicht weitergehen kann. Zahlreiche Energieprojekte sprie\u00dfen wie Pilze aus dem Boden. Was zun\u00e4chst mit Photovoltaik-Anlagen begann, setzt sich nun im gesamten Handel fort.<\/p>\n<p><!--more--> <\/p>\n<p>Die Kunststofft\u00fcte stirbt im Einzelhandel langsam, aber stetig aus, weiterhin setzt die Industrie deutliche Zeichen und minimiert bereits bei der Herstellung den Verpackungsm\u00fcll. Das ist sehr wichtig, denn die Synthese der Kunststoffteile nimmt viel Zeit und vor allem Energie in Anspruch. Und auch beim Kunden findet ein Umdenken statt: Er st\u00f6rt sich an der Kombination der Verpackungsmaterialien und favorisiert eine einfache Entsorgung. Mit dem Verzicht auf Kunststoff und Verpackungen aus nicht-abbaubarem Material ist das jetzt m\u00f6glich.<\/p>\n<h2>Durch Umweltschutz ein Zeichen setzen<\/h2>\n<p><a href=\"https:\/\/www.biobiene.com\/\">Echtes nachhaltiges Verpackungs- und Versandmaterial<\/a> besteht ausschlie\u00dflich aus Materialien, die der Natur keinen Schaden zuf\u00fcgen. Kunststoff kommt hier nicht vor. Das gilt f\u00fcr den Versandkarton wie f\u00fcr Versandtaschen gleicherma\u00dfen. Sichtfenster befinden sich hinter durchsichtigem Papier, und als Schutz empfindlicher Versandg\u00fcter dienen Noppenpapier und Verpackungschips. Im Privatbereich k\u00f6nnen Sie durch den Kauf und Versand derartiger Materialien zum Erhalt von Artenvielfalt und Klima beitragen. Schicken Sie Freunden Ihre Pakete fortan in biologisch abbaubaren Materialien. Noch wichtiger ist es, als Inhaber eines Versandhandels- oder Gro\u00dfunternehmens, dass Sie zum Thema Umweltschutz eine klare Stellung beziehen. Schlie\u00dflich haben Sie ein gro\u00dfes Versandaufkommen. Umso mehr H\u00e4ndler diesbez\u00fcglich mit Bedacht handeln, desto sch\u00f6ner wird unser gemeinsamer Planet.<\/p>\n<h2>Kunststoff \u2013 eine Gefahr f\u00fcr die Gesundheit?<\/h2>\n<p>Nat\u00fcrlich geht es beim Umweltschutz nicht nur um Tiere, Pflanzen und Klima. Der Mensch ist ebenso vom Kunststoffm\u00fcll betroffen. Und in vielen Kunststoffarten befindet sich Bisphenol A. <a href=\"https:\/\/www.bund.net\/chemie\/hormonelle-schadstoffe\/bisphenol-a\/\">BPA ist ein Stoff mit verheerenden Auswirkungen<\/a> auf die Gesundheit. Nervensch\u00e4digungen und Alzheimer-Erkrankungen k\u00f6nnen die Sp\u00e4tfolgen bei st\u00e4ndigem Kontakt mit dem Material sein.<\/p>\n<p>Besonders Kinder sind anf\u00e4llig f\u00fcr diese Nervengifte. F\u00fcr sie ist eine Offenheit f\u00fcr Umweltthemen wegweisend, weshalb es hier tolle <a href=\"http:\/\/www.fuldaer-nachrichten.de\/?p=159838\">Umweltinitiativen und Angebote f\u00fcr Kinder<\/a> gibt. Jugendliche bestimmen die Entwicklung auf der Erde ma\u00dfgeblich mit. Sie werden zuk\u00fcnftige Vorreiter sein und haben die Intelligenz und die Kraft, die Evolution und den Klimawandel in eine g\u00fcnstige Richtung zu lenken. Politisch werden sie von uns begleitet, indem wir ihnen die n\u00f6tige <a href=\"http:\/\/www.fuldaer-nachrichten.de\/?p=118751\">Struktur und Planung zum Schutz der Weltmeere vor Kunststoffm\u00fcll<\/a> an die Hand geben.<\/p>\n<p>Bild: \u00c2\u00a9 istock.com\/lukbar<\/p>\n","protected":false},"excerpt":{"rendered":"<div class=\"tmnf_excerpt\"><p>In den vergangenen Jahren hat die Umwelt stark unter dem Bewusstsein der Menschen bez\u00fcglich der Natur gelitten. Nun schl\u00e4gt sie zur\u00fcck und zeigt anhand der Erderw\u00e4rmung und den sich erh\u00f6henden Lufttemperaturen in Sommer und Winter, dass es so nicht weitergehen kann. Zahlreiche Energieprojekte sprie\u00dfen wie Pilze aus dem Boden. Was zun\u00e4chst mit Photovoltaik-Anlagen begann, setzt &hellip;<\/p>\n<\/div>","protected":false},"author":1,"featured_media":164811,"comment_status":"closed","ping_status":"closed","sticky":false,"template":"","format":"standard","meta":{"footnotes":""},"categories":[1],"tags":[118,95,100],"class_list":["post-164802","post","type-post","status-publish","format-standard","has-post-thumbnail","hentry","category-startseite","tag-artaxo-gmbh","tag-besonders-lesenswert","tag-g"],"_links":{"self":[{"href":"https:\/\/www.fuldaernachrichten.de\/index.php?rest_route=\/wp\/v2\/posts\/164802","targetHints":{"allow":["GET"]}}],"collection":[{"href":"https:\/\/www.fuldaernachrichten.de\/index.php?rest_route=\/wp\/v2\/posts"}],"about":[{"href":"https:\/\/www.fuldaernachrichten.de\/index.php?rest_route=\/wp\/v2\/types\/post"}],"author":[{"embeddable":true,"href":"https:\/\/www.fuldaernachrichten.de\/index.php?rest_route=\/wp\/v2\/users\/1"}],"replies":[{"embeddable":true,"href":"https:\/\/www.fuldaernachrichten.de\/index.php?rest_route=%2Fwp%2Fv2%2Fcomments&post=164802"}],"version-history":[{"count":1,"href":"https:\/\/www.fuldaernachrichten.de\/index.php?rest_route=\/wp\/v2\/posts\/164802\/revisions"}],"predecessor-version":[{"id":164812,"href":"https:\/\/www.fuldaernachrichten.de\/index.php?rest_route=\/wp\/v2\/posts\/164802\/revisions\/164812"}],"wp:featuredmedia":[{"embeddable":true,"href":"https:\/\/www.fuldaernachrichten.de\/index.php?rest_route=\/wp\/v2\/media\/164811"}],"wp:attachment":[{"href":"https:\/\/www.fuldaernachrichten.de\/index.php?rest_route=%2Fwp%2Fv2%2Fmedia&parent=164802"}],"wp:term":[{"taxonomy":"category","embeddable":true,"href":"https:\/\/www.fuldaernachrichten.de\/index.php?rest_route=%2Fwp%2Fv2%2Fcategories&post=164802"},{"taxonomy":"post_tag","embeddable":true,"href":"https:\/\/www.fuldaernachrichten.de\/index.php?rest_route=%2Fwp%2Fv2%2Ftags&post=164802"}],"curies":[{"name":"wp","href":"https:\/\/api.w.org\/{rel}","templated":true}]}}