{"id":164795,"date":"2017-06-26T09:13:27","date_gmt":"2017-06-26T07:13:27","guid":{"rendered":"http:\/\/www.fuldaer-nachrichten.de\/?p=164795"},"modified":"2017-06-26T09:13:27","modified_gmt":"2017-06-26T07:13:27","slug":"bierprobe-fuer-die-alsfelder-wiesn-bei-seven-days-mildes-festbier","status":"publish","type":"post","link":"https:\/\/www.fuldaernachrichten.de\/?p=164795","title":{"rendered":"Bierprobe f\u00fcr die Alsfelder Wiesn bei Seven Days \u2013 Mildes Festbier"},"content":{"rendered":"<p>Tolle Bands, bayrische Spezialit\u00e4ten und eine gem\u00fctliche Atmosph\u00e4re \u2013 erstmals finden von Freitag, dem 8. bis Sonntag, den 10. September die \u201eWiesndays&#8221; von Seven Days Catering in der Hessenhalle in Alsfeld statt. Sie sind die Fortsetzung bzw. die Erweiterung der bisherigen Alsfelder Wiesn.  Am Freitagabend spielt die M\u00fcnchner Zwietracht und am Samstag rocken die Trenkwalder ab. Jetzt fand am Seven Days Unternehmersitz in Eichenzell eine Bierprobe f\u00fcr die Veranstaltung statt.<\/p>\n<p>von links: Thomas Trabert, Florjan Kamberi, Roland Sammer. Foto: Christine G\u00f6rlich<br \/>\nDer Gerstensaft f\u00fcr die Alsfelder Wiesn steht fest \u2013 Seven Days Gesch\u00e4ftsf\u00fchrer Florjan Kamberi stach ein Fass von M\u00f6nchshof Bayrisch Hell an und erhob zusammen mit Vertretern der Kulmbacher Brauerei die Bierkr\u00fcge. Die Brauerei wird den Veranstalter Seven Days als Partner beim \u00fcberregionalen Konzept \u201eWiesn Days&#8221; unterst\u00fctzen. \u201eEs standen drei Brauereien zur Auswahl&#8221;, gab Kamberi bekannt. Doch letztendlich entschied sich der Veranstalter f\u00fcr die Kulmbacher. \u201eSie haben langj\u00e4hrige Erfahrung &#8211; selbst das Logo stimmt&#8221;, so Kamberi: \u201eWir freuen uns auf die Wiesn und eine gute Zusammenarbeit.&#8221; Die Brauerei selbst arbeitet bereits in der Gastst\u00e4tte \u201eZur Goldenen Krone&#8221; in Fulda mit Seven Days zusammen. \u201eWir sind froh, dass wir bei den Alsfelder Wiesn vertreten sind&#8221;, sagt Thomas Trabert von der Kulmbacher. Die Festg\u00e4ste d\u00fcrfen sich auf die Biersorte Bayrisch Hell von M\u00f6nchshof freuen. \u201eDas ist ein mildes Festbier&#8221;, erl\u00e4utert Trabert. Es sei goldgelb in der Farbe und besonders bek\u00f6mmlich.<\/p>\n<p>Die Alsfelder \u201eWiesndays&#8221;<br \/>\nBereits im vergangenen Jahr hatte das Eichenzeller Catering Unternehmen Seven Days die Bewirtung der Alsfelder Wiesn \u00fcbernommen. In diesem Jahr richtet das Team nun die Veranstaltung in eigener Regie und unter neuem Namen aus. Zum Auftakt spielt am Freitagabend die bekannte Oktoberfest-Band \u2013 die M\u00fcnchner Zwietracht. Seit \u00fcber 20 Jahren sind die Musiker auf allen gro\u00dfen Festen in Deutschland unterwegs und auch auf den \u201eWiesndays&#8221; werden sie den Alsfeldern und ihren G\u00e4sten ordentlich einheizen. Nur einen Tag sp\u00e4ter treten die Trenkwalder auf und sorgen f\u00fcr gute Stimmung. F\u00fcr Sonntag wird ein Fr\u00fchschoppen geplant. Der Eintritt ist an diesem Tag frei. Einlass ist f\u00fcr die Abendveranstaltungen wie im vergangenen Jahr bereits um 18.30 Uhr, die Veranstaltungen beginnen um 20 Uhr. \u201eDie Leute sollen die M\u00f6glichkeit haben, sich vor dem Programm in Ruhe hinzusetzen und was zu essen&#8221;, so Christian Schmidt, der Gesch\u00e4ftsf\u00fchrer der Hessenhalle. Und dazu haben die G\u00e4ste wieder ausreichend Gelegenheit. \u201eWir werden regionale und bayrische Speisen anbieten&#8221;, sagte Seven Days Verkaufsleiterin Natalie Fr\u00f6hlich. Dazu z\u00e4hlen unter anderem Brath\u00e4hnchen, Schweinshaxen und Wei\u00dfw\u00fcrste. Da das Unternehmen auch das Gasthaus \u201eZur Goldnen Krone&#8221; in der Fuldaer Innenstadt betreibt, kenne sich der K\u00fcchenchef bestens mit der Zubereitung bayrischer Speisen aus. \u201eWir werden mit einem 50-k\u00f6pfigen Team vor Ort sein&#8221;, so Fr\u00f6hlich.<\/p>\n<p>Die \u00dcbernahme von Seven Days kam auch bei Alsfelds B\u00fcrgermeister und Schirmherr der Veranstaltung, Stephan Paule, gut an: \u201eMan muss immer im Gespr\u00e4ch bleiben.&#8221; Er findet es generell gut, dass auch das Standbein \u201eEntertainment&#8221; in der Hessenhalle gest\u00e4rkt wird. Schlie\u00dflich finde das Thema Wiesn bei einer breiten Bev\u00f6lkerungsschicht immer mehr Zuspruch. \u201eIch freue mich auf viele sch\u00f6ne Unterhaltungsstunden&#8221;, so Paule. Allein mit den Bands seien zwei feste Gr\u00f6\u00dfen vertreten, die seiner Ansicht nach sicher ein Magnet f\u00fcr die Stadt Alsfeld sind. Im Vorverkauf sind \u00fcber adticket Karten zu erhalten. An allen Tagen finden zwischen 1500 und 1800 G\u00e4ste in der Halle Platz. Der Eintritt kostet am Freitag und Samstag 17 Euro. Neben den regul\u00e4ren Eintrittskarten gibt es auch VIP-Tickets. Gruppen mit je 24 oder 48 Personen k\u00f6nnen sich eine VIP-Box reservieren und auch schon im Voraus Essen bestellen. Die Special-Tickets werden direkt \u00fcber Seven Days vertrieben.<\/p>\n","protected":false},"excerpt":{"rendered":"<div class=\"tmnf_excerpt\"><p>Tolle Bands, bayrische Spezialit\u00e4ten und eine gem\u00fctliche Atmosph\u00e4re \u2013 erstmals finden von Freitag, dem 8. bis Sonntag, den 10. September die \u201eWiesndays&#8221; von Seven Days Catering in der Hessenhalle in Alsfeld statt. Sie sind die Fortsetzung bzw. die Erweiterung der bisherigen Alsfelder Wiesn. Am Freitagabend spielt die M\u00fcnchner Zwietracht und am Samstag rocken die Trenkwalder &hellip;<\/p>\n<\/div>","protected":false},"author":1,"featured_media":164813,"comment_status":"closed","ping_status":"closed","sticky":false,"template":"","format":"standard","meta":{"footnotes":""},"categories":[1],"tags":[],"class_list":["post-164795","post","type-post","status-publish","format-standard","has-post-thumbnail","hentry","category-startseite"],"_links":{"self":[{"href":"https:\/\/www.fuldaernachrichten.de\/index.php?rest_route=\/wp\/v2\/posts\/164795","targetHints":{"allow":["GET"]}}],"collection":[{"href":"https:\/\/www.fuldaernachrichten.de\/index.php?rest_route=\/wp\/v2\/posts"}],"about":[{"href":"https:\/\/www.fuldaernachrichten.de\/index.php?rest_route=\/wp\/v2\/types\/post"}],"author":[{"embeddable":true,"href":"https:\/\/www.fuldaernachrichten.de\/index.php?rest_route=\/wp\/v2\/users\/1"}],"replies":[{"embeddable":true,"href":"https:\/\/www.fuldaernachrichten.de\/index.php?rest_route=%2Fwp%2Fv2%2Fcomments&post=164795"}],"version-history":[{"count":1,"href":"https:\/\/www.fuldaernachrichten.de\/index.php?rest_route=\/wp\/v2\/posts\/164795\/revisions"}],"predecessor-version":[{"id":164814,"href":"https:\/\/www.fuldaernachrichten.de\/index.php?rest_route=\/wp\/v2\/posts\/164795\/revisions\/164814"}],"wp:featuredmedia":[{"embeddable":true,"href":"https:\/\/www.fuldaernachrichten.de\/index.php?rest_route=\/wp\/v2\/media\/164813"}],"wp:attachment":[{"href":"https:\/\/www.fuldaernachrichten.de\/index.php?rest_route=%2Fwp%2Fv2%2Fmedia&parent=164795"}],"wp:term":[{"taxonomy":"category","embeddable":true,"href":"https:\/\/www.fuldaernachrichten.de\/index.php?rest_route=%2Fwp%2Fv2%2Fcategories&post=164795"},{"taxonomy":"post_tag","embeddable":true,"href":"https:\/\/www.fuldaernachrichten.de\/index.php?rest_route=%2Fwp%2Fv2%2Ftags&post=164795"}],"curies":[{"name":"wp","href":"https:\/\/api.w.org\/{rel}","templated":true}]}}