{"id":164794,"date":"2017-06-26T09:08:16","date_gmt":"2017-06-26T07:08:16","guid":{"rendered":"http:\/\/www.fuldaer-nachrichten.de\/?p=164794"},"modified":"2017-06-26T09:08:16","modified_gmt":"2017-06-26T07:08:16","slug":"energetische-sanierungsmassnahmen","status":"publish","type":"post","link":"https:\/\/www.fuldaernachrichten.de\/?p=164794","title":{"rendered":"Energetische Sanierungsma\u00dfnahmen"},"content":{"rendered":"<p>Im Rahmen des kommunalen Investitionsprogramms sollen in der Turnhalle der Grundschule in Tann energetische Sanierungsma\u00dfnahmen durchgef\u00fchrt werden. F\u00fcr 117.600 Euro werden die Elektroinstallation und f\u00fcr 75.500 Euro die Heizung erneuert, f\u00fcr 98.800 Euro ein neuer Hallenboden mit Fu\u00dfbodenheizung eingebaut, f\u00fcr 88.100 Euro ein spezieller Au\u00dfenputz mit W\u00e4rmed\u00e4mmung angebracht und f\u00fcr 80.400 Euro die Fenster ausgetauscht. Ebenfalls im Rahmen des energetischen Investitionsprogramms erh\u00e4lt die Mittelpunktschule in Hilders f\u00fcr 110.500 Euro eine neue Brandmelde- und Alarmierungsanlage. Bei der Grundschule in Hofaschenbach werden die alten Holzfenster f\u00fcr 58.600 Euro gegen Kunststofffenster ausgetauscht.<\/p>\n","protected":false},"excerpt":{"rendered":"<div class=\"tmnf_excerpt\"><p>Im Rahmen des kommunalen Investitionsprogramms sollen in der Turnhalle der Grundschule in Tann energetische Sanierungsma\u00dfnahmen durchgef\u00fchrt werden. F\u00fcr 117.600 Euro werden die Elektroinstallation und f\u00fcr 75.500 Euro die Heizung erneuert, f\u00fcr 98.800 Euro ein neuer Hallenboden mit Fu\u00dfbodenheizung eingebaut, f\u00fcr 88.100 Euro ein spezieller Au\u00dfenputz mit W\u00e4rmed\u00e4mmung angebracht und f\u00fcr 80.400 Euro die Fenster ausgetauscht. &hellip;<\/p>\n<\/div>","protected":false},"author":1,"featured_media":0,"comment_status":"closed","ping_status":"closed","sticky":false,"template":"","format":"standard","meta":{"footnotes":""},"categories":[1],"tags":[],"class_list":["post-164794","post","type-post","status-publish","format-standard","hentry","category-startseite"],"_links":{"self":[{"href":"https:\/\/www.fuldaernachrichten.de\/index.php?rest_route=\/wp\/v2\/posts\/164794","targetHints":{"allow":["GET"]}}],"collection":[{"href":"https:\/\/www.fuldaernachrichten.de\/index.php?rest_route=\/wp\/v2\/posts"}],"about":[{"href":"https:\/\/www.fuldaernachrichten.de\/index.php?rest_route=\/wp\/v2\/types\/post"}],"author":[{"embeddable":true,"href":"https:\/\/www.fuldaernachrichten.de\/index.php?rest_route=\/wp\/v2\/users\/1"}],"replies":[{"embeddable":true,"href":"https:\/\/www.fuldaernachrichten.de\/index.php?rest_route=%2Fwp%2Fv2%2Fcomments&post=164794"}],"version-history":[{"count":1,"href":"https:\/\/www.fuldaernachrichten.de\/index.php?rest_route=\/wp\/v2\/posts\/164794\/revisions"}],"predecessor-version":[{"id":164801,"href":"https:\/\/www.fuldaernachrichten.de\/index.php?rest_route=\/wp\/v2\/posts\/164794\/revisions\/164801"}],"wp:attachment":[{"href":"https:\/\/www.fuldaernachrichten.de\/index.php?rest_route=%2Fwp%2Fv2%2Fmedia&parent=164794"}],"wp:term":[{"taxonomy":"category","embeddable":true,"href":"https:\/\/www.fuldaernachrichten.de\/index.php?rest_route=%2Fwp%2Fv2%2Fcategories&post=164794"},{"taxonomy":"post_tag","embeddable":true,"href":"https:\/\/www.fuldaernachrichten.de\/index.php?rest_route=%2Fwp%2Fv2%2Ftags&post=164794"}],"curies":[{"name":"wp","href":"https:\/\/api.w.org\/{rel}","templated":true}]}}