{"id":164791,"date":"2017-06-26T09:08:08","date_gmt":"2017-06-26T07:08:08","guid":{"rendered":"http:\/\/www.fuldaer-nachrichten.de\/?p=164791"},"modified":"2017-06-26T09:08:08","modified_gmt":"2017-06-26T07:08:08","slug":"behoerdenhaus-am-schlossgarten","status":"publish","type":"post","link":"https:\/\/www.fuldaernachrichten.de\/?p=164791","title":{"rendered":"Beh\u00f6rdenhaus am Schlossgarten"},"content":{"rendered":"<p>Vor gut einem Monat ist der Fachdienst Zuwanderung der Kreisverwaltung mit seinen rund 30 Mitarbeiterinnen und Mitarbeitern vom Landratsamt in das Beh\u00f6rdenhaus am Schlossgarten umgezogen. <\/p>\n<p>Das Geb\u00e4ude am Heinrich-von-Bibra-Platz 5-9, das seit 1959 als Hauptpostamt genutzt worden ist, beherbergt mittlerweile auch die Fachstelle Kindertagespflege sowie die Fachstelle f\u00fcr Integration und Inklusion des st\u00e4dtischen Jugendamts. Zudem ist der B\u00fcrgerservice der Kreisverwaltung am neuen Standort vertreten. Im Laufe des Sommers werden das Seniorenb\u00fcro der Stadt Fulda sowie die Ausl\u00e4nderbeh\u00f6rde, die sowohl f\u00fcr den Landkreis als auch f\u00fcr das Stadtgebiet zust\u00e4ndig ist, in das Beh\u00f6rdenhaus am Schlossgarten umziehen. <\/p>\n<p>Seit Januar dieses Jahres wird das Geb\u00e4ude, das \u00fcber rund 7200 Quadratmeter Nutzfl\u00e4che verf\u00fcgt, in den fr\u00fchen 1950er Jahren als Hauptgeb\u00e4ude der Magdeburger Versicherungen errichtet wurde und unter Denkmalschutz steht, geschossweise renoviert. \u201eGrundlegende Umbauten haben nicht stattgefunden\u201c, berichtet Sebastian M\u00fcller, Referent von Landrat Bernd Woide. \u201eBei den ausgef\u00fchrten Arbeiten liegt der Schwerpunkt auf Brandschutzma\u00dfnahmen und der Anpassung der IT-Struktur.\u201c Dar\u00fcber hinaus seien die B\u00fcros modernisiert worden. <\/p>\n<p>Die Modernisierung gliedert sich in mehrere Bauabschnitte. F\u00fcr den ersten Bauabschnitt im zweiten Obergeschoss sind Gesamtkosten von rund 475.000 Euro angefallen. Im dritten Obergeschoss werden derzeit die Vorbereitungen f\u00fcr den bevorstehenden Einzug der Ausl\u00e4nderbeh\u00f6rde und des Seniorenb\u00fcros getroffen. \u201eDie Ausl\u00e4nderbeh\u00f6rde, die sich im Moment noch im Landratsamt befindet, wird bis zum Umzug auf die elektronische Akte umgestellt haben. Das erleichtert nicht nur den Umzug, sondern auch die Arbeitsprozesse und erh\u00f6ht den B\u00fcrgerservice\u201c, verdeutlicht Erster Kreisbeigeordneter Frederik Schmitt.<\/p>\n<p>Das Beh\u00f6rdenhaus am Schlossgarten, das Landkreis und Stadt Fulda gemeinschaftlich erworben haben, zeichnet sich vor allem durch seine Zentralit\u00e4t und die gute Erreichbarkeit durch den \u00d6ffentlichen Personennahverkehr aus. So befinden sich der Bahnhof in 300 und der Zentrale Omnibusbahnhof (ZOB) in 450 Metern Entfernung. Die Haltestelle Heertorplatz ist 350 Meter und die Haltestelle Heinrich-von-Bibra-Platz gerade einmal 100 Meter entfernt. <\/p>\n","protected":false},"excerpt":{"rendered":"<div class=\"tmnf_excerpt\"><p>Vor gut einem Monat ist der Fachdienst Zuwanderung der Kreisverwaltung mit seinen rund 30 Mitarbeiterinnen und Mitarbeitern vom Landratsamt in das Beh\u00f6rdenhaus am Schlossgarten umgezogen. Das Geb\u00e4ude am Heinrich-von-Bibra-Platz 5-9, das seit 1959 als Hauptpostamt genutzt worden ist, beherbergt mittlerweile auch die Fachstelle Kindertagespflege sowie die Fachstelle f\u00fcr Integration und Inklusion des st\u00e4dtischen Jugendamts. Zudem &hellip;<\/p>\n<\/div>","protected":false},"author":1,"featured_media":164799,"comment_status":"closed","ping_status":"closed","sticky":false,"template":"","format":"standard","meta":{"footnotes":""},"categories":[1],"tags":[],"class_list":["post-164791","post","type-post","status-publish","format-standard","has-post-thumbnail","hentry","category-startseite"],"_links":{"self":[{"href":"https:\/\/www.fuldaernachrichten.de\/index.php?rest_route=\/wp\/v2\/posts\/164791","targetHints":{"allow":["GET"]}}],"collection":[{"href":"https:\/\/www.fuldaernachrichten.de\/index.php?rest_route=\/wp\/v2\/posts"}],"about":[{"href":"https:\/\/www.fuldaernachrichten.de\/index.php?rest_route=\/wp\/v2\/types\/post"}],"author":[{"embeddable":true,"href":"https:\/\/www.fuldaernachrichten.de\/index.php?rest_route=\/wp\/v2\/users\/1"}],"replies":[{"embeddable":true,"href":"https:\/\/www.fuldaernachrichten.de\/index.php?rest_route=%2Fwp%2Fv2%2Fcomments&post=164791"}],"version-history":[{"count":1,"href":"https:\/\/www.fuldaernachrichten.de\/index.php?rest_route=\/wp\/v2\/posts\/164791\/revisions"}],"predecessor-version":[{"id":164800,"href":"https:\/\/www.fuldaernachrichten.de\/index.php?rest_route=\/wp\/v2\/posts\/164791\/revisions\/164800"}],"wp:featuredmedia":[{"embeddable":true,"href":"https:\/\/www.fuldaernachrichten.de\/index.php?rest_route=\/wp\/v2\/media\/164799"}],"wp:attachment":[{"href":"https:\/\/www.fuldaernachrichten.de\/index.php?rest_route=%2Fwp%2Fv2%2Fmedia&parent=164791"}],"wp:term":[{"taxonomy":"category","embeddable":true,"href":"https:\/\/www.fuldaernachrichten.de\/index.php?rest_route=%2Fwp%2Fv2%2Fcategories&post=164791"},{"taxonomy":"post_tag","embeddable":true,"href":"https:\/\/www.fuldaernachrichten.de\/index.php?rest_route=%2Fwp%2Fv2%2Ftags&post=164791"}],"curies":[{"name":"wp","href":"https:\/\/api.w.org\/{rel}","templated":true}]}}