{"id":164777,"date":"2017-06-26T09:05:46","date_gmt":"2017-06-26T07:05:46","guid":{"rendered":"http:\/\/www.fuldaer-nachrichten.de\/?p=164777"},"modified":"2017-06-26T09:05:46","modified_gmt":"2017-06-26T07:05:46","slug":"gleich-zwei-schueler-der-musikschule-erfolgreich","status":"publish","type":"post","link":"https:\/\/www.fuldaernachrichten.de\/?p=164777","title":{"rendered":"Gleich zwei Sch\u00fcler der Musikschule erfolgreich"},"content":{"rendered":"<p>Zwei Sch\u00fcler der St\u00e4dtischen Musikschule Fulda haben beim Bundeswettbewerb Jugend Musiziert 2017 in Paderborn die Jurymitglieder \u00fcberzeugt: Jana Kisner und Anton L\u00f6bens bekamen in der Kategorie &#8220;Klavier solo&#8221; den 3. Preis. Die jungen Musiker werden im Rahmen des Programms f\u00fcr begabte Sch\u00fcler unterst\u00fctzt.<\/p>\n<p>Jana Kisner aus Fulda hat sich mit 7 Jahren spontan f\u00fcr das Klavier entschieden; an die Musikerkarriere dachte damals keiner: Neben Singen, Tanzen und Reiten war Musik eines von mehreren Hobbys. In den Unterrichtsstunden ihrer Lehrerin Maja Zirkunow konnte Jana viel lernen, \u201ebesonders die gesangliche Seite von Klavier hat sie wie kein anderer meiner Sch\u00fcler \u00fcbernehmen k\u00f6nnen\u201c, berichtet die erfahrene Musikp\u00e4dagogin. Und inzwischen ist Jana Kisners Liebe zur Musik doch mehr als nur ein Hobby \u2013 nach dem Abitur m\u00f6chte die 17-J\u00e4hrige das Klavierspielen zu ihrem Beruf machen. Die Teilnahme am Wettbewerb empfand die Sch\u00fclerin als sehr aufregend, auch wenn das Warten hinter den Kulissen auf den eigenen Auftritt nach ihren Worten \u201eeinfach schrecklich\u201c war. Doch mit den ersten T\u00f6nen verflog die Angst: Ihre Interpretationen der ausgesuchten Werke von Bach, Liszt und Prokofiev kamen bei der Jury hervorragend an, und Jana konnte 21 Punkte und damit den 3. Preis ergattern.<\/p>\n<p>Anton L\u00f6bens (18) stammt aus Burghaun und hat seine ersten Musikerfahrungen am Cello sammeln k\u00f6nnen: Er musizierte zusammen mit seinem Vater, einem studierten Musiker. Heute ist er f\u00fcr diese Erfahrung dankbar, \u201esonst w\u00e4re ich nicht so weit\u201c, sagt er. Sp\u00e4ter lernte Anton die Kirchenorgel \u2013 und ist bereits auch mit diesem Instrument bis ins Bundesfinale des Wettbewerbs &#8220;Jugend Musiziert&#8221; vorgesto\u00dfen. Das Klavier als drittes Instrument zu erlernen und es dabei mindestens genauso weit zu schaffen, war ein Ziel, das den Sch\u00fcler immer wieder motivierte. Erst vor drei Jahren kam er in die Klasse von Maja Zirkunow an der Musikschule der Stadt Fulda: Anton mit schweren Werken herauszufordern, war genau das Richtige f\u00fcr den jungen Musiker, ist seine Lehrerin \u00fcberzeugt. Auch er findet, dass beim Spielen \u201edie Aufregung verfliegt\u201c, und man trotz der kurzen Tastenprobe (beim Wettbewerb sind es gerade f\u00fcnf Minuten, die strikt eingehalten werden m\u00fcssen) mit dem unbekannten Instrument und der neuen Akustik gut zurechtkommen kann. Ebenfalls 21 Punkte und ein 3. Platz haben es eindeutig bewiesen. Neben der klassischen Musik spielt Anton in der Band seiner Schule \u2013 eine Stilmischung, die auch seine Lehrerin bereichernd findet.<\/p>\n<p>Bereits mehrere Sch\u00fclerinnen und Sch\u00fcler von Maja Zirkunow haben es bis zum Finale des Bundeswettbewerb geschafft, dabei spricht sie ungern von \u201eBegabung\u201c \u2013 denn ohne tagt\u00e4gliches \u00dcben und Flei\u00df k\u00f6nne Talent allein nicht weit tragen. Mit aufregenden St\u00fccken, die die Interessen der Sch\u00fcler ansprechen, versucht sie immer wieder, die Begeisterung am Musizieren zu wecken, \u201edenn mit Freude lassen sich die schwierigsten Passagen bew\u00e4ltigen\u201c, ist Zirkunow \u00fcberzeugt. <\/p>\n","protected":false},"excerpt":{"rendered":"<div class=\"tmnf_excerpt\"><p>Zwei Sch\u00fcler der St\u00e4dtischen Musikschule Fulda haben beim Bundeswettbewerb Jugend Musiziert 2017 in Paderborn die Jurymitglieder \u00fcberzeugt: Jana Kisner und Anton L\u00f6bens bekamen in der Kategorie &#8220;Klavier solo&#8221; den 3. Preis. Die jungen Musiker werden im Rahmen des Programms f\u00fcr begabte Sch\u00fcler unterst\u00fctzt. Jana Kisner aus Fulda hat sich mit 7 Jahren spontan f\u00fcr das &hellip;<\/p>\n<\/div>","protected":false},"author":1,"featured_media":164792,"comment_status":"closed","ping_status":"closed","sticky":false,"template":"","format":"standard","meta":{"footnotes":""},"categories":[1],"tags":[],"class_list":["post-164777","post","type-post","status-publish","format-standard","has-post-thumbnail","hentry","category-startseite"],"_links":{"self":[{"href":"https:\/\/www.fuldaernachrichten.de\/index.php?rest_route=\/wp\/v2\/posts\/164777","targetHints":{"allow":["GET"]}}],"collection":[{"href":"https:\/\/www.fuldaernachrichten.de\/index.php?rest_route=\/wp\/v2\/posts"}],"about":[{"href":"https:\/\/www.fuldaernachrichten.de\/index.php?rest_route=\/wp\/v2\/types\/post"}],"author":[{"embeddable":true,"href":"https:\/\/www.fuldaernachrichten.de\/index.php?rest_route=\/wp\/v2\/users\/1"}],"replies":[{"embeddable":true,"href":"https:\/\/www.fuldaernachrichten.de\/index.php?rest_route=%2Fwp%2Fv2%2Fcomments&post=164777"}],"version-history":[{"count":1,"href":"https:\/\/www.fuldaernachrichten.de\/index.php?rest_route=\/wp\/v2\/posts\/164777\/revisions"}],"predecessor-version":[{"id":164793,"href":"https:\/\/www.fuldaernachrichten.de\/index.php?rest_route=\/wp\/v2\/posts\/164777\/revisions\/164793"}],"wp:featuredmedia":[{"embeddable":true,"href":"https:\/\/www.fuldaernachrichten.de\/index.php?rest_route=\/wp\/v2\/media\/164792"}],"wp:attachment":[{"href":"https:\/\/www.fuldaernachrichten.de\/index.php?rest_route=%2Fwp%2Fv2%2Fmedia&parent=164777"}],"wp:term":[{"taxonomy":"category","embeddable":true,"href":"https:\/\/www.fuldaernachrichten.de\/index.php?rest_route=%2Fwp%2Fv2%2Fcategories&post=164777"},{"taxonomy":"post_tag","embeddable":true,"href":"https:\/\/www.fuldaernachrichten.de\/index.php?rest_route=%2Fwp%2Fv2%2Ftags&post=164777"}],"curies":[{"name":"wp","href":"https:\/\/api.w.org\/{rel}","templated":true}]}}