{"id":164776,"date":"2017-06-26T09:03:02","date_gmt":"2017-06-26T07:03:02","guid":{"rendered":"http:\/\/www.fuldaer-nachrichten.de\/?p=164776"},"modified":"2017-06-26T09:03:02","modified_gmt":"2017-06-26T07:03:02","slug":"arbeiten-an-den-hochwasserschutzmassnahmen-am-engelhelmsbach-schreiten-voran","status":"publish","type":"post","link":"https:\/\/www.fuldaernachrichten.de\/?p=164776","title":{"rendered":"Arbeiten an den Hochwasserschutzma\u00dfnahmen am  Engelhelmsbach schreiten voran"},"content":{"rendered":"<p>Anl\u00e4sslich einer Dienstreise im Fuldaer Land hat sich Regierungspr\u00e4sident Dr. Walter L\u00fcbcke vor Ort \u00fcber den Stand der im Bau befindlichen Hochwasserr\u00fcckhaltebecken \u201eGrottenweg\u201c unterhalb von Pilgerzell und \u201eAlte M\u00fchle\u201c unterhalb von Engelhelms erkundigt. Die beiden Bauma\u00dfnahmen des Abwasserverbands Fulda werden vom Regierungspr\u00e4sidium (RP) Kassel finanziell unterst\u00fctzt.<\/p>\n<p>Dr. L\u00fcbcke zeigte sich erfreut, dass der erste Bauabschnitt der von seiner Beh\u00f6rde genehmigten Hochwasserschutzma\u00dfnahmen voraussichtlich Mitte August fertig gestellt sein wird. Die Hochwasserr\u00fcckhaltebecken sind Teil eines kommunalen Gemeinschaftsprojektes der Stadt Fulda, der Gemeinde K\u00fcnzell und des Abwasserverbandes Fulda zur Verbesserung des Hochwasserschutzes im Einzugsgebiet des Engelhelmsbaches. Zwei weitere Hochwasserr\u00fcckhaltebecken werden im n\u00e4chsten Jahr oberhalb von Bronnzell und Pilgerzell in Verbindung mit zwei Gew\u00e4sseraufweitungen des Engelhelmsbaches gebaut.<\/p>\n<p>K\u00fcnzells B\u00fcrgermeister Timo Zentgraf bedankte sich bei Dr. L\u00fcbcke f\u00fcr die Unterst\u00fctzung durch das Regierungspr\u00e4sidium bei der Realisierung dieses so wichtigen Vorhabens. \u201eOhne die gro\u00dfz\u00fcgige F\u00f6rderung durch das Land Hessen mit 1,5 Millionen Euro w\u00e4re dieses Zwei- Millionen-Projekt nicht zu stemmen gewesen\u201c, so Zentgraf.<\/p>\n<p>\u201eDurch die Schaffung von insgesamt 27.000 Quadratmetern Hochwasserr\u00fcckhaltevolumen und verschiedene Aufweitungen des Gew\u00e4sserprofils im Bereich von Engelhelms und Pilgerzell, werden die Wassermassen bei extremen Starkregenereignissen abgepuffert und damit die Hochwasserrisiken f\u00fcr die Ortslagen erheblich minimiert\u201c, erl\u00e4uterte der Gesch\u00e4ftsf\u00fchrer des Abwasserverbandes Fulda, Joachim Adams, die verschiedenen Ma\u00dfnahmen entlang des Engelhelmsbaches.<\/p>\n","protected":false},"excerpt":{"rendered":"<div class=\"tmnf_excerpt\"><p>Anl\u00e4sslich einer Dienstreise im Fuldaer Land hat sich Regierungspr\u00e4sident Dr. Walter L\u00fcbcke vor Ort \u00fcber den Stand der im Bau befindlichen Hochwasserr\u00fcckhaltebecken \u201eGrottenweg\u201c unterhalb von Pilgerzell und \u201eAlte M\u00fchle\u201c unterhalb von Engelhelms erkundigt. Die beiden Bauma\u00dfnahmen des Abwasserverbands Fulda werden vom Regierungspr\u00e4sidium (RP) Kassel finanziell unterst\u00fctzt. Dr. L\u00fcbcke zeigte sich erfreut, dass der erste Bauabschnitt &hellip;<\/p>\n<\/div>","protected":false},"author":1,"featured_media":164782,"comment_status":"closed","ping_status":"closed","sticky":false,"template":"","format":"standard","meta":{"footnotes":""},"categories":[1],"tags":[],"class_list":["post-164776","post","type-post","status-publish","format-standard","has-post-thumbnail","hentry","category-startseite"],"_links":{"self":[{"href":"https:\/\/www.fuldaernachrichten.de\/index.php?rest_route=\/wp\/v2\/posts\/164776","targetHints":{"allow":["GET"]}}],"collection":[{"href":"https:\/\/www.fuldaernachrichten.de\/index.php?rest_route=\/wp\/v2\/posts"}],"about":[{"href":"https:\/\/www.fuldaernachrichten.de\/index.php?rest_route=\/wp\/v2\/types\/post"}],"author":[{"embeddable":true,"href":"https:\/\/www.fuldaernachrichten.de\/index.php?rest_route=\/wp\/v2\/users\/1"}],"replies":[{"embeddable":true,"href":"https:\/\/www.fuldaernachrichten.de\/index.php?rest_route=%2Fwp%2Fv2%2Fcomments&post=164776"}],"version-history":[{"count":1,"href":"https:\/\/www.fuldaernachrichten.de\/index.php?rest_route=\/wp\/v2\/posts\/164776\/revisions"}],"predecessor-version":[{"id":164783,"href":"https:\/\/www.fuldaernachrichten.de\/index.php?rest_route=\/wp\/v2\/posts\/164776\/revisions\/164783"}],"wp:featuredmedia":[{"embeddable":true,"href":"https:\/\/www.fuldaernachrichten.de\/index.php?rest_route=\/wp\/v2\/media\/164782"}],"wp:attachment":[{"href":"https:\/\/www.fuldaernachrichten.de\/index.php?rest_route=%2Fwp%2Fv2%2Fmedia&parent=164776"}],"wp:term":[{"taxonomy":"category","embeddable":true,"href":"https:\/\/www.fuldaernachrichten.de\/index.php?rest_route=%2Fwp%2Fv2%2Fcategories&post=164776"},{"taxonomy":"post_tag","embeddable":true,"href":"https:\/\/www.fuldaernachrichten.de\/index.php?rest_route=%2Fwp%2Fv2%2Ftags&post=164776"}],"curies":[{"name":"wp","href":"https:\/\/api.w.org\/{rel}","templated":true}]}}