{"id":164766,"date":"2017-06-26T09:01:56","date_gmt":"2017-06-26T07:01:56","guid":{"rendered":"http:\/\/www.fuldaer-nachrichten.de\/?p=164766"},"modified":"2017-06-26T09:01:56","modified_gmt":"2017-06-26T07:01:56","slug":"borderline-persoenlichkeitsstoerungen-stimmungsschwankungen-wutausbrueche-selbstverletzungen-erfolgreiche-behandlung-im-klinikum-fulda-zertifiziert","status":"publish","type":"post","link":"https:\/\/www.fuldaernachrichten.de\/?p=164766","title":{"rendered":"Borderline- Pers\u00f6nlichkeitsst\u00f6rungen:  Stimmungsschwankungen, Wutausbr\u00fcche  Selbstverletzungen. Erfolgreiche Behandlung im  Klinikum Fulda zertifiziert"},"content":{"rendered":"<p>Immer mehr Menschen leiden unter psychischen Erkrankungen, insbesondere Borderline-Pers\u00f6nlichkeitsst\u00f6rungen nehmen zu: H\u00f6chste innere Anspannung, die sich in  extremen Stimmungsschwankungen, unkontrollierten Wutausbr\u00fcchen und immer wieder in Selbstverletzungen, wie dem \u201eRitzen\u201c  entl\u00e4dt, sind typische Anzeichen einer Borderline-Erkrankung. Am Klinikum Fulda werden Patienten mit Borderline-St\u00f6rungen erfolgreich behandelt. Die Klinik f\u00fcr Psychiatrie und Psychotherapie unter Leitung von Prof. Dr. Georg Wiedemann ist dabei die erste in Osthessen, die Borderline-Betroffene nach dem wissenschaftlich anerkannten und zertifizierten Verfahren der Dialektisch-Behavioralen-Therapie (DBT)  behandelt. <\/p>\n<p>Nach der amerikanischen Psychologie Professorin Marsha Linehan entwickelt, ist die DBT individuell abgestimmt auf spezifische Schwierigkeiten von Menschen, die unter einer Borderline-St\u00f6rung leiden. Die Klinik f\u00fcr Psychiatrie und Psychotherapie erhielt vom Dachverband f\u00fcr DBT die Anerkennung und Zertifizierung als station\u00e4re Behandlungseinheit.<\/p>\n<p>So steht unter der Leitung von Oberarzt Achim Pr\u00fctz auf der Station 3 Nord ein Team speziell ausgebildeter \u00c4rzte, Psychologen, Pflegepersonal, Ergo- und Bewegungstherapeuten zur Verf\u00fcgung. Die station\u00e4re Aufnahme zur Behandlung erfolgt nach Vorgespr\u00e4chen, die ambulant in der Psychiatrischen Institutsambulanz erfolgen. Bei Interesse an einem Behandlungsplatz, kann ein Termin zum Vorgespr\u00e4ch unter der Telefonnummer 0661-84-5734 vereinbart werden.<\/p>\n","protected":false},"excerpt":{"rendered":"<div class=\"tmnf_excerpt\"><p>Immer mehr Menschen leiden unter psychischen Erkrankungen, insbesondere Borderline-Pers\u00f6nlichkeitsst\u00f6rungen nehmen zu: H\u00f6chste innere Anspannung, die sich in extremen Stimmungsschwankungen, unkontrollierten Wutausbr\u00fcchen und immer wieder in Selbstverletzungen, wie dem \u201eRitzen\u201c entl\u00e4dt, sind typische Anzeichen einer Borderline-Erkrankung. Am Klinikum Fulda werden Patienten mit Borderline-St\u00f6rungen erfolgreich behandelt. Die Klinik f\u00fcr Psychiatrie und Psychotherapie unter Leitung von Prof. Dr. &hellip;<\/p>\n<\/div>","protected":false},"author":1,"featured_media":164778,"comment_status":"closed","ping_status":"closed","sticky":false,"template":"","format":"standard","meta":{"footnotes":""},"categories":[1],"tags":[],"class_list":["post-164766","post","type-post","status-publish","format-standard","has-post-thumbnail","hentry","category-startseite"],"_links":{"self":[{"href":"https:\/\/www.fuldaernachrichten.de\/index.php?rest_route=\/wp\/v2\/posts\/164766","targetHints":{"allow":["GET"]}}],"collection":[{"href":"https:\/\/www.fuldaernachrichten.de\/index.php?rest_route=\/wp\/v2\/posts"}],"about":[{"href":"https:\/\/www.fuldaernachrichten.de\/index.php?rest_route=\/wp\/v2\/types\/post"}],"author":[{"embeddable":true,"href":"https:\/\/www.fuldaernachrichten.de\/index.php?rest_route=\/wp\/v2\/users\/1"}],"replies":[{"embeddable":true,"href":"https:\/\/www.fuldaernachrichten.de\/index.php?rest_route=%2Fwp%2Fv2%2Fcomments&post=164766"}],"version-history":[{"count":1,"href":"https:\/\/www.fuldaernachrichten.de\/index.php?rest_route=\/wp\/v2\/posts\/164766\/revisions"}],"predecessor-version":[{"id":164779,"href":"https:\/\/www.fuldaernachrichten.de\/index.php?rest_route=\/wp\/v2\/posts\/164766\/revisions\/164779"}],"wp:featuredmedia":[{"embeddable":true,"href":"https:\/\/www.fuldaernachrichten.de\/index.php?rest_route=\/wp\/v2\/media\/164778"}],"wp:attachment":[{"href":"https:\/\/www.fuldaernachrichten.de\/index.php?rest_route=%2Fwp%2Fv2%2Fmedia&parent=164766"}],"wp:term":[{"taxonomy":"category","embeddable":true,"href":"https:\/\/www.fuldaernachrichten.de\/index.php?rest_route=%2Fwp%2Fv2%2Fcategories&post=164766"},{"taxonomy":"post_tag","embeddable":true,"href":"https:\/\/www.fuldaernachrichten.de\/index.php?rest_route=%2Fwp%2Fv2%2Ftags&post=164766"}],"curies":[{"name":"wp","href":"https:\/\/api.w.org\/{rel}","templated":true}]}}