{"id":164762,"date":"2017-06-26T09:00:32","date_gmt":"2017-06-26T07:00:32","guid":{"rendered":"http:\/\/www.fuldaer-nachrichten.de\/?p=164762"},"modified":"2017-06-26T09:00:32","modified_gmt":"2017-06-26T07:00:32","slug":"hermann-gassner-jr-startet-mit-dem-hyundai-r5-in-der-drm","status":"publish","type":"post","link":"https:\/\/www.fuldaernachrichten.de\/?p=164762","title":{"rendered":"Hermann Gassner jr. startet mit dem Hyundai R5 in der DRM"},"content":{"rendered":"<p><a href=\"http:\/\/www.fuldaer-nachrichten.de\/wp-content\/uploads\/2017\/06\/GassnerJr_0117_RobertMay_Portrait.jpg\"><img decoding=\"async\" src=\"http:\/\/www.fuldaer-nachrichten.de\/wp-content\/uploads\/2017\/06\/GassnerJr_0117_RobertMay_Portrait-265x177.jpg\" alt=\"\" width=\"265\" height=\"177\" class=\"alignleft size-thumbnail wp-image-164772\" srcset=\"https:\/\/www.fuldaernachrichten.de\/wp-content\/uploads\/2017\/06\/GassnerJr_0117_RobertMay_Portrait-265x177.jpg 265w, https:\/\/www.fuldaernachrichten.de\/wp-content\/uploads\/2017\/06\/GassnerJr_0117_RobertMay_Portrait-768x512.jpg 768w, https:\/\/www.fuldaernachrichten.de\/wp-content\/uploads\/2017\/06\/GassnerJr_0117_RobertMay_Portrait-600x400.jpg 600w, https:\/\/www.fuldaernachrichten.de\/wp-content\/uploads\/2017\/06\/GassnerJr_0117_RobertMay_Portrait.jpg 900w\" sizes=\"(max-width: 265px) 100vw, 265px\" \/><\/a>Die Deutsche Rallyemeisterschaft geht am 23.\/24. Juni 2017 in die f\u00fcnfte Runde und wird um eine Attraktion reicher: Hermann Gassner jr. (Surheim) wird mit seiner \u00f6sterreichischen Beifahrerin Ursula Mayrhofer (Sierning) im Zuge der ADAC Rallye Stemweder Berg seine Premiere im  Hyundai i20 R5 &#8211; in der ostwestf\u00e4lische Stadt L\u00fcbbecke &#8211; bestreiten.<\/p>\n<p>\u201eDies ist f\u00fcr mich erst die dritte Rallye in diesem Jahr. Mit dem i20 konnte ich bisher nur einen Test absolvieren, daher sollten die Erwartungen nicht allzu gro\u00df sein.\u201c d\u00e4mpft der Junior die vielleicht aufkommende Euphorie. \u201eMein prim\u00e4re Zielsetzung ist ein Gef\u00fchl f\u00fcr unseren neuen Hyundai i20 R5 zu bekommen, sowie die Weiterentwicklung unseres Know-How rund um den Boliden. Damit k\u00f6nnen wir in Zukunft noch gezielter auf die  Anliegen und Fragen unserer Kunden eingehen. In weiterer Folge haben wir als Entwicklungspartner von Pagid Racing zus\u00e4tzliche Aufgaben \u00fcbernommen, denen wir gerecht werden wollen. <\/p>\n<p> &#8220;Wir sind uns im Vorfeld dessen bewusst, dass es kein leichtes Unterfangen wird sich in diesem starken Starterfeld entsprechend behaupten zu k\u00f6nnen, doch wir werden versuchen uns w\u00e4hrend der Rallye kontinuierlich zu steigern und eine gute Performance abzuliefern. Da dies aus aktueller Sicht mein vermutlich einziger Einsatz in Deutschland sein wird, gilt es das Maximum an Erfahrung und Erkenntnissen auszuloten. Gro\u00dfer Dank an meine langj\u00e4hrigen und treuen Partner Ravenol, HJS, Pirelli und Excape ohne deren Unterst\u00fctzung dieser Einsatz nicht m\u00f6glich w\u00e4re.&#8221;<\/p>\n","protected":false},"excerpt":{"rendered":"<div class=\"tmnf_excerpt\"><p>Die Deutsche Rallyemeisterschaft geht am 23.\/24. Juni 2017 in die f\u00fcnfte Runde und wird um eine Attraktion reicher: Hermann Gassner jr. (Surheim) wird mit seiner \u00f6sterreichischen Beifahrerin Ursula Mayrhofer (Sierning) im Zuge der ADAC Rallye Stemweder Berg seine Premiere im Hyundai i20 R5 &#8211; in der ostwestf\u00e4lische Stadt L\u00fcbbecke &#8211; bestreiten. \u201eDies ist f\u00fcr mich &hellip;<\/p>\n<\/div>","protected":false},"author":1,"featured_media":164771,"comment_status":"closed","ping_status":"closed","sticky":false,"template":"","format":"standard","meta":{"footnotes":""},"categories":[1],"tags":[],"class_list":["post-164762","post","type-post","status-publish","format-standard","has-post-thumbnail","hentry","category-startseite"],"_links":{"self":[{"href":"https:\/\/www.fuldaernachrichten.de\/index.php?rest_route=\/wp\/v2\/posts\/164762","targetHints":{"allow":["GET"]}}],"collection":[{"href":"https:\/\/www.fuldaernachrichten.de\/index.php?rest_route=\/wp\/v2\/posts"}],"about":[{"href":"https:\/\/www.fuldaernachrichten.de\/index.php?rest_route=\/wp\/v2\/types\/post"}],"author":[{"embeddable":true,"href":"https:\/\/www.fuldaernachrichten.de\/index.php?rest_route=\/wp\/v2\/users\/1"}],"replies":[{"embeddable":true,"href":"https:\/\/www.fuldaernachrichten.de\/index.php?rest_route=%2Fwp%2Fv2%2Fcomments&post=164762"}],"version-history":[{"count":1,"href":"https:\/\/www.fuldaernachrichten.de\/index.php?rest_route=\/wp\/v2\/posts\/164762\/revisions"}],"predecessor-version":[{"id":164773,"href":"https:\/\/www.fuldaernachrichten.de\/index.php?rest_route=\/wp\/v2\/posts\/164762\/revisions\/164773"}],"wp:featuredmedia":[{"embeddable":true,"href":"https:\/\/www.fuldaernachrichten.de\/index.php?rest_route=\/wp\/v2\/media\/164771"}],"wp:attachment":[{"href":"https:\/\/www.fuldaernachrichten.de\/index.php?rest_route=%2Fwp%2Fv2%2Fmedia&parent=164762"}],"wp:term":[{"taxonomy":"category","embeddable":true,"href":"https:\/\/www.fuldaernachrichten.de\/index.php?rest_route=%2Fwp%2Fv2%2Fcategories&post=164762"},{"taxonomy":"post_tag","embeddable":true,"href":"https:\/\/www.fuldaernachrichten.de\/index.php?rest_route=%2Fwp%2Fv2%2Ftags&post=164762"}],"curies":[{"name":"wp","href":"https:\/\/api.w.org\/{rel}","templated":true}]}}