{"id":164761,"date":"2017-06-26T08:59:57","date_gmt":"2017-06-26T06:59:57","guid":{"rendered":"http:\/\/www.fuldaer-nachrichten.de\/?p=164761"},"modified":"2017-06-26T08:59:57","modified_gmt":"2017-06-26T06:59:57","slug":"sportlicher-start-in-die-sommerferien-6-kinder-olympiade-in-fulda","status":"publish","type":"post","link":"https:\/\/www.fuldaernachrichten.de\/?p=164761","title":{"rendered":"Sportlicher Start in die Sommerferien: 6. Kinder Olympiade in Fulda"},"content":{"rendered":"<p>In der ersten Ferienwoche, von Montag, den 3. bis Freitag, den 7. Juli 2017, findet bei antonius (An St. Kathrin 4, 36041 Fulda) bereits zum sechsten Mal die Kinder Olympiade statt. Unter dem Motto \u201eBewegung mit Spa\u00df\u201c bekommen Grundschulkinder der Klassen eins bis vier t\u00e4glich von 9.00 bis 13.00 Uhr ein abwechslungsreiches Sportprogramm geboten. Dazu geh\u00f6ren beispielsweise Bogenschie\u00dfen, Judo, verschiedene Unternehmungen im Wald und viele weitere spannende Spiele. Alle Kinder mit dem Schwimmabzeichen \u201eSeepferdchen\u201c haben dar\u00fcber hinaus die M\u00f6glichkeit Kanufahren zu gehen. <\/p>\n<p>In der Teilnahmegeb\u00fchr von 80 Euro sind Obst, Getr\u00e4nke und Mittagessen enthalten. Anmeldungen nimmt die Praxis Meissner zwischen 8.00 und 16.00 Uhr unter (0661) 75656 entgegen oder per E-Mail an praxis.meissner@t-online.de <\/p>\n","protected":false},"excerpt":{"rendered":"<div class=\"tmnf_excerpt\"><p>In der ersten Ferienwoche, von Montag, den 3. bis Freitag, den 7. Juli 2017, findet bei antonius (An St. Kathrin 4, 36041 Fulda) bereits zum sechsten Mal die Kinder Olympiade statt. Unter dem Motto \u201eBewegung mit Spa\u00df\u201c bekommen Grundschulkinder der Klassen eins bis vier t\u00e4glich von 9.00 bis 13.00 Uhr ein abwechslungsreiches Sportprogramm geboten. Dazu &hellip;<\/p>\n<\/div>","protected":false},"author":1,"featured_media":164769,"comment_status":"closed","ping_status":"closed","sticky":false,"template":"","format":"standard","meta":{"footnotes":""},"categories":[1],"tags":[],"class_list":["post-164761","post","type-post","status-publish","format-standard","has-post-thumbnail","hentry","category-startseite"],"_links":{"self":[{"href":"https:\/\/www.fuldaernachrichten.de\/index.php?rest_route=\/wp\/v2\/posts\/164761","targetHints":{"allow":["GET"]}}],"collection":[{"href":"https:\/\/www.fuldaernachrichten.de\/index.php?rest_route=\/wp\/v2\/posts"}],"about":[{"href":"https:\/\/www.fuldaernachrichten.de\/index.php?rest_route=\/wp\/v2\/types\/post"}],"author":[{"embeddable":true,"href":"https:\/\/www.fuldaernachrichten.de\/index.php?rest_route=\/wp\/v2\/users\/1"}],"replies":[{"embeddable":true,"href":"https:\/\/www.fuldaernachrichten.de\/index.php?rest_route=%2Fwp%2Fv2%2Fcomments&post=164761"}],"version-history":[{"count":1,"href":"https:\/\/www.fuldaernachrichten.de\/index.php?rest_route=\/wp\/v2\/posts\/164761\/revisions"}],"predecessor-version":[{"id":164770,"href":"https:\/\/www.fuldaernachrichten.de\/index.php?rest_route=\/wp\/v2\/posts\/164761\/revisions\/164770"}],"wp:featuredmedia":[{"embeddable":true,"href":"https:\/\/www.fuldaernachrichten.de\/index.php?rest_route=\/wp\/v2\/media\/164769"}],"wp:attachment":[{"href":"https:\/\/www.fuldaernachrichten.de\/index.php?rest_route=%2Fwp%2Fv2%2Fmedia&parent=164761"}],"wp:term":[{"taxonomy":"category","embeddable":true,"href":"https:\/\/www.fuldaernachrichten.de\/index.php?rest_route=%2Fwp%2Fv2%2Fcategories&post=164761"},{"taxonomy":"post_tag","embeddable":true,"href":"https:\/\/www.fuldaernachrichten.de\/index.php?rest_route=%2Fwp%2Fv2%2Ftags&post=164761"}],"curies":[{"name":"wp","href":"https:\/\/api.w.org\/{rel}","templated":true}]}}