{"id":164738,"date":"2017-06-21T07:01:40","date_gmt":"2017-06-21T05:01:40","guid":{"rendered":"http:\/\/www.fuldaer-nachrichten.de\/?p=164738"},"modified":"2017-06-21T07:01:40","modified_gmt":"2017-06-21T05:01:40","slug":"hombergefze-neuer-und-erweiterter-standort-fuer-trauerarbeit-im-bistum-fulda","status":"publish","type":"post","link":"https:\/\/www.fuldaernachrichten.de\/?p=164738","title":{"rendered":"Homberg\/Efze neuer und erweiterter Standort f\u00fcr Trauerarbeit im Bistum Fulda"},"content":{"rendered":"<p>Mit Christine und Bernd Foerster kann die Trauerarbeit im Bistum Fulda in Homber\/ Efze einen neuen und erweiterten Standort in Kooperation mit der dortigen Glashausgalerie anbieten. Langj\u00e4hrige Erfahrung und sch\u00f6ne R\u00e4ume erm\u00f6glichen ein neues Angebot f\u00fcr Trauernde nicht nur in der Region.<\/p>\n<p>In den eigenen R\u00e4umen von Christine und Bernd Foerster wird ein gesondertes Programm \u201eTrauerWEGbegleitung\u201c (siehe Anlage) angeboten, das betroffenen Menschen und Interessierten ein spezielles Angebot macht. Diese Angebote sind aber auch f\u00fcr Gemeinde und Organisationen \u201ebuchbar\u201c, d.h. sie k\u00f6nnen f\u00fcr Zielgruppen in der Region und im gesamten Bistum Fulda bzw. dem hessischen Raum und angrenzend durchgef\u00fchrt werden. Insbesondere Bernd Foerster, der nun seine berufliche Kompetenz als Steinmetz in die Trauerarbeit und in die Friedhofskultur einbringt wird von seiner Ehefrau Christine Foerster als erfahrene Trauerbegleiterin in weiteren Angeboten unterst\u00fctzt.<\/p>\n<p>\u201eWir freuen uns, dass die ehemaligen R\u00e4ume des Steinmetzbetriebes nun Raum gibt f\u00fcr Trauernde in der Region Nordhessens und im Bistum Fulda und dar\u00fcber hinaus Angebote m\u00f6glich sind, die f\u00fcr eine Trauer- und Friedhofskultur steht\u201c, meint Werner Gutheil, Di\u00f6zanseelsorger f\u00fcr Trauernde. Deshalb ist die Trauerarbeit im Bistum Fulda eine Kooperation eingegangen.<\/p>\n<p>Der Di\u00f6zesanseelsorger im Bistum Fulda, mit Sitz in Hanau wird deshalb auch zur Er\u00f6ffnung am Mittwoch 5. Juli 2017 um 14 Uhr zur offiziellen Einweihung in der Welferoder Stra\u00dfe 23 \u00c2\u00b7 34576 Homberg  ein Gru\u00dfwort sprechen.<\/p>\n<p>\u201eEs wird ein erg\u00e4nzendes Angebot zum bestehenden Caf\u00e8 Hoffnungsschimmer, das seit vielen Jahren in Homberg angeboten wird, im \u201ecafe endlich\u201c, um auch Menschen zu erreichen, die nicht unmittelbar von Trauer betroffen sind, sich aber mit der eigenen Endlichkeit besch\u00e4ftigen wollen\u201c. Weitere Angebote sind dem beigef\u00fcgten Programm zu entnehmen.<\/p>\n<p>Interessierte sind daher ab 15 Uhr besonders eingeladen, um sich in einem Tag der offenen T\u00fcr zu informieren.<\/p>\n<p>Weitere Informationen sind dem beigef\u00fchrten \u201eHintergrundinformationen\u201c zu entnehmen.<br \/>\nDirekte Fragen k\u00f6nnen gestellt werden an Christine und Bernd Foerster: Telefon 05681-3633 \u00c2\u00b7 Telefax 05681-6665<\/p>\n<p>Fotos sind zur Nutzung f\u00fcr Presse geeignet und freigegeben.<br \/>\nR\u00fcckfragen zu weiteren Fragen an: Werner Gutheil, Di\u00f6zesanseelsorger f\u00fcr Trauernde, Tel. 0661-87 579 (Rufumleitung auf Handy nach dem 5. Klingelton)<\/p>\n","protected":false},"excerpt":{"rendered":"<div class=\"tmnf_excerpt\"><p>Mit Christine und Bernd Foerster kann die Trauerarbeit im Bistum Fulda in Homber\/ Efze einen neuen und erweiterten Standort in Kooperation mit der dortigen Glashausgalerie anbieten. Langj\u00e4hrige Erfahrung und sch\u00f6ne R\u00e4ume erm\u00f6glichen ein neues Angebot f\u00fcr Trauernde nicht nur in der Region. In den eigenen R\u00e4umen von Christine und Bernd Foerster wird ein gesondertes Programm &hellip;<\/p>\n<\/div>","protected":false},"author":1,"featured_media":164741,"comment_status":"closed","ping_status":"closed","sticky":false,"template":"","format":"standard","meta":{"footnotes":""},"categories":[1],"tags":[],"class_list":["post-164738","post","type-post","status-publish","format-standard","has-post-thumbnail","hentry","category-startseite"],"_links":{"self":[{"href":"https:\/\/www.fuldaernachrichten.de\/index.php?rest_route=\/wp\/v2\/posts\/164738","targetHints":{"allow":["GET"]}}],"collection":[{"href":"https:\/\/www.fuldaernachrichten.de\/index.php?rest_route=\/wp\/v2\/posts"}],"about":[{"href":"https:\/\/www.fuldaernachrichten.de\/index.php?rest_route=\/wp\/v2\/types\/post"}],"author":[{"embeddable":true,"href":"https:\/\/www.fuldaernachrichten.de\/index.php?rest_route=\/wp\/v2\/users\/1"}],"replies":[{"embeddable":true,"href":"https:\/\/www.fuldaernachrichten.de\/index.php?rest_route=%2Fwp%2Fv2%2Fcomments&post=164738"}],"version-history":[{"count":1,"href":"https:\/\/www.fuldaernachrichten.de\/index.php?rest_route=\/wp\/v2\/posts\/164738\/revisions"}],"predecessor-version":[{"id":164742,"href":"https:\/\/www.fuldaernachrichten.de\/index.php?rest_route=\/wp\/v2\/posts\/164738\/revisions\/164742"}],"wp:featuredmedia":[{"embeddable":true,"href":"https:\/\/www.fuldaernachrichten.de\/index.php?rest_route=\/wp\/v2\/media\/164741"}],"wp:attachment":[{"href":"https:\/\/www.fuldaernachrichten.de\/index.php?rest_route=%2Fwp%2Fv2%2Fmedia&parent=164738"}],"wp:term":[{"taxonomy":"category","embeddable":true,"href":"https:\/\/www.fuldaernachrichten.de\/index.php?rest_route=%2Fwp%2Fv2%2Fcategories&post=164738"},{"taxonomy":"post_tag","embeddable":true,"href":"https:\/\/www.fuldaernachrichten.de\/index.php?rest_route=%2Fwp%2Fv2%2Ftags&post=164738"}],"curies":[{"name":"wp","href":"https:\/\/api.w.org\/{rel}","templated":true}]}}