{"id":164736,"date":"2017-06-21T07:00:51","date_gmt":"2017-06-21T05:00:51","guid":{"rendered":"http:\/\/www.fuldaer-nachrichten.de\/?p=164736"},"modified":"2017-06-21T07:00:51","modified_gmt":"2017-06-21T05:00:51","slug":"20-kolpingfamilienwochenende-kolpingsfamilie-niederkalbach","status":"publish","type":"post","link":"https:\/\/www.fuldaernachrichten.de\/?p=164736","title":{"rendered":"20. Kolpingfamilienwochenende Kolpingsfamilie Niederkalbach"},"content":{"rendered":"<p>Zum 20. Kolpingfamilienwochenende in Folge, vom 9. bis 11. Juni 2017, hatte die Kolpingsfamilie Niederkalbach das Thema: \u201eMit Kolping rund um den Globus\u201c ausgew\u00e4hlt. Wo auf der Welt gibt es Kolpingsfamilien und welche Schwerpunkte sind in den unterschiedlichen L\u00e4ndern im Vordergrund. Die Erwachsenen besch\u00e4ftigten sich mit den L\u00e4nder INDIEN, BRASILIEN, S\u00dcDAFRIKA und KOLUMBIEN, die Referent und Kolpingsbruder Christinan Pieper sehr gut vorbereitet hatte. Bei dem tollen Betreuer-Team waren die Kids und Jugendlichen top aufgehoben. Ein Aktionsvormittag mit Klettern, Bogenschie\u00dfen, Baumstamms\u00e4gen und vieles mehr begeisterte die Kids.<\/p>\n<p>Am fr\u00fchen Samstagabend feierten alle zusammen mit Pfarrer Sebastian Bieber die Vorabendmesse unter freiem Himmel am Bildh\u00e4uschen in Kleinsassen. Die Kinder hatten den Gottesdienst mit tollen Liedern und F\u00fcrbitten vorbereitet. Auch die Predigt von Pfarrer Bieber passte perfekt zum Thema. Nat\u00fcrlich geh\u00f6rten auch zu diesem Familienwochenende der Grillabend am Lagerfeuer, Stockbrot, Marshmallow und die typischen Zeltlagersongs mit Gitarrenbegleitung.<\/p>\n<p>&#8220;Wie auch unsere Eltern fr\u00fcher schon mit uns auf Kolpingfamilienwochenenden waren, so k\u00f6nnen wir es jetzt an unsere Kinder weitergeben und eine tolle Zeit erleben&#8221;, so eine Teilnehmerin.<\/p>\n","protected":false},"excerpt":{"rendered":"<div class=\"tmnf_excerpt\"><p>Zum 20. Kolpingfamilienwochenende in Folge, vom 9. bis 11. Juni 2017, hatte die Kolpingsfamilie Niederkalbach das Thema: \u201eMit Kolping rund um den Globus\u201c ausgew\u00e4hlt. Wo auf der Welt gibt es Kolpingsfamilien und welche Schwerpunkte sind in den unterschiedlichen L\u00e4ndern im Vordergrund. Die Erwachsenen besch\u00e4ftigten sich mit den L\u00e4nder INDIEN, BRASILIEN, S\u00dcDAFRIKA und KOLUMBIEN, die Referent &hellip;<\/p>\n<\/div>","protected":false},"author":1,"featured_media":164739,"comment_status":"closed","ping_status":"closed","sticky":false,"template":"","format":"standard","meta":{"footnotes":""},"categories":[1],"tags":[],"class_list":["post-164736","post","type-post","status-publish","format-standard","has-post-thumbnail","hentry","category-startseite"],"_links":{"self":[{"href":"https:\/\/www.fuldaernachrichten.de\/index.php?rest_route=\/wp\/v2\/posts\/164736","targetHints":{"allow":["GET"]}}],"collection":[{"href":"https:\/\/www.fuldaernachrichten.de\/index.php?rest_route=\/wp\/v2\/posts"}],"about":[{"href":"https:\/\/www.fuldaernachrichten.de\/index.php?rest_route=\/wp\/v2\/types\/post"}],"author":[{"embeddable":true,"href":"https:\/\/www.fuldaernachrichten.de\/index.php?rest_route=\/wp\/v2\/users\/1"}],"replies":[{"embeddable":true,"href":"https:\/\/www.fuldaernachrichten.de\/index.php?rest_route=%2Fwp%2Fv2%2Fcomments&post=164736"}],"version-history":[{"count":1,"href":"https:\/\/www.fuldaernachrichten.de\/index.php?rest_route=\/wp\/v2\/posts\/164736\/revisions"}],"predecessor-version":[{"id":164740,"href":"https:\/\/www.fuldaernachrichten.de\/index.php?rest_route=\/wp\/v2\/posts\/164736\/revisions\/164740"}],"wp:featuredmedia":[{"embeddable":true,"href":"https:\/\/www.fuldaernachrichten.de\/index.php?rest_route=\/wp\/v2\/media\/164739"}],"wp:attachment":[{"href":"https:\/\/www.fuldaernachrichten.de\/index.php?rest_route=%2Fwp%2Fv2%2Fmedia&parent=164736"}],"wp:term":[{"taxonomy":"category","embeddable":true,"href":"https:\/\/www.fuldaernachrichten.de\/index.php?rest_route=%2Fwp%2Fv2%2Fcategories&post=164736"},{"taxonomy":"post_tag","embeddable":true,"href":"https:\/\/www.fuldaernachrichten.de\/index.php?rest_route=%2Fwp%2Fv2%2Ftags&post=164736"}],"curies":[{"name":"wp","href":"https:\/\/api.w.org\/{rel}","templated":true}]}}