{"id":164729,"date":"2017-06-21T06:59:34","date_gmt":"2017-06-21T04:59:34","guid":{"rendered":"http:\/\/www.fuldaer-nachrichten.de\/?p=164729"},"modified":"2017-06-21T06:59:34","modified_gmt":"2017-06-21T04:59:34","slug":"fuer-patienten-angehoerige-und-interessierte-patiententag-2017-des-onkologischen-zentrums","status":"publish","type":"post","link":"https:\/\/www.fuldaernachrichten.de\/?p=164729","title":{"rendered":"F\u00fcr Patienten, Angeh\u00f6rige und Interessierte: Patiententag 2017 des Onkologischen Zentrums"},"content":{"rendered":"<p>Das Onkologische Zentrum am Klinikum Fulda und das Onkologische Zentrum Osthessen laden am 29. Juni 2017 von 16.00 bis 19.00 Uhr zu einem Patiententag in den H\u00f6rsaal des Klinikums Fulda ein.  <\/p>\n<p>Die individuell auf jeden einzelnen Patienten zugeschnittene Behandlung kennzeichnet die moderne Tumortherapie. F\u00fcr einen erfolgrei-chen Ablauf ist es wichtig, dass die Betroffenen optimal informiert sind.  Deshalb steht vor jeder Behandlung eine ausf\u00fchrliche Aufkl\u00e4rung. Manche Fragen entstehen aber auch erst im Laufe der Behandlung. <\/p>\n<p>Der Patiententag des Onkologischen Zentrums am Klinikum Fulda (OZKF) und des Onkologischen Zentrums Osthessen (OZO) informiert \u00fcber Bew\u00e4hrtes und Neues und bietet Gelegenheit, Fragen zu stellen und Antworten zu erhalten. In diesem Jahr liegt der Schwerpunkt auf der Darstellung relevanter Einflussgr\u00f6\u00dfen, die neben einer medikament\u00f6sen oder strahlentherapeutischen Behandlung f\u00fcr den Erfolg einer onkologischen Therapie notwendig sind bzw. dazu beitragen. Dies sind z.B. die professionelle Bestimmung und Interpretation relevanter Blutwerte, die Prophylaxe und Behandlung der Nebenwirkungen medikament\u00f6ser Tumortherapien aus pflegerischer Sicht sowie ad\u00e4quate H\u00e4ndehygiene und Pflegehinweise spezialisierter Kollegen aus der Krankenpflege am Beispiel Brustkrebs.<\/p>\n<p>Die Referenteninnen und Referenten geben in verst\u00e4ndlicher Sprache konkrete Hinweise, was der Patient beachten sollte und was aktiv getan werden kann, um zum Gelingen der Therapie beizutragen.  Dar\u00fcber hinaus stehen die Experten den Patienten, Angeh\u00f6rigen und Interessierten im Anschluss an die Vortr\u00e4ge gerne f\u00fcr die Beantwortung individueller Fragen zur Verf\u00fcgung. Informationsst\u00e4nde sowie Beratungsangebote der Selbsthilfegruppen runden das Programm ab. <\/p>\n","protected":false},"excerpt":{"rendered":"<div class=\"tmnf_excerpt\"><p>Das Onkologische Zentrum am Klinikum Fulda und das Onkologische Zentrum Osthessen laden am 29. Juni 2017 von 16.00 bis 19.00 Uhr zu einem Patiententag in den H\u00f6rsaal des Klinikums Fulda ein. Die individuell auf jeden einzelnen Patienten zugeschnittene Behandlung kennzeichnet die moderne Tumortherapie. F\u00fcr einen erfolgrei-chen Ablauf ist es wichtig, dass die Betroffenen optimal informiert &hellip;<\/p>\n<\/div>","protected":false},"author":1,"featured_media":0,"comment_status":"closed","ping_status":"closed","sticky":false,"template":"","format":"standard","meta":{"footnotes":""},"categories":[1],"tags":[],"class_list":["post-164729","post","type-post","status-publish","format-standard","hentry","category-startseite"],"_links":{"self":[{"href":"https:\/\/www.fuldaernachrichten.de\/index.php?rest_route=\/wp\/v2\/posts\/164729","targetHints":{"allow":["GET"]}}],"collection":[{"href":"https:\/\/www.fuldaernachrichten.de\/index.php?rest_route=\/wp\/v2\/posts"}],"about":[{"href":"https:\/\/www.fuldaernachrichten.de\/index.php?rest_route=\/wp\/v2\/types\/post"}],"author":[{"embeddable":true,"href":"https:\/\/www.fuldaernachrichten.de\/index.php?rest_route=\/wp\/v2\/users\/1"}],"replies":[{"embeddable":true,"href":"https:\/\/www.fuldaernachrichten.de\/index.php?rest_route=%2Fwp%2Fv2%2Fcomments&post=164729"}],"version-history":[{"count":1,"href":"https:\/\/www.fuldaernachrichten.de\/index.php?rest_route=\/wp\/v2\/posts\/164729\/revisions"}],"predecessor-version":[{"id":164734,"href":"https:\/\/www.fuldaernachrichten.de\/index.php?rest_route=\/wp\/v2\/posts\/164729\/revisions\/164734"}],"wp:attachment":[{"href":"https:\/\/www.fuldaernachrichten.de\/index.php?rest_route=%2Fwp%2Fv2%2Fmedia&parent=164729"}],"wp:term":[{"taxonomy":"category","embeddable":true,"href":"https:\/\/www.fuldaernachrichten.de\/index.php?rest_route=%2Fwp%2Fv2%2Fcategories&post=164729"},{"taxonomy":"post_tag","embeddable":true,"href":"https:\/\/www.fuldaernachrichten.de\/index.php?rest_route=%2Fwp%2Fv2%2Ftags&post=164729"}],"curies":[{"name":"wp","href":"https:\/\/api.w.org\/{rel}","templated":true}]}}