{"id":164727,"date":"2017-06-21T06:59:23","date_gmt":"2017-06-21T04:59:23","guid":{"rendered":"http:\/\/www.fuldaer-nachrichten.de\/?p=164727"},"modified":"2017-06-21T06:59:23","modified_gmt":"2017-06-21T04:59:23","slug":"kunstverein-fulda-praesentiert-fotos-zur-biennale-2017-in-venedig","status":"publish","type":"post","link":"https:\/\/www.fuldaernachrichten.de\/?p=164727","title":{"rendered":"Kunstverein Fulda pr\u00e4sentiert Fotos zur Biennale 2017 in Venedig"},"content":{"rendered":"<p><a href=\"http:\/\/www.fuldaer-nachrichten.de\/wp-content\/uploads\/2017\/06\/Kruse-im-Gespr\u00e4ch-mit-FE-Walther-Biennale-Venedig2017-Foto-Hannah-Wolfel.jpg\"><img decoding=\"async\" src=\"http:\/\/www.fuldaer-nachrichten.de\/wp-content\/uploads\/2017\/06\/Kruse-im-Gespr\u00e4ch-mit-FE-Walther-Biennale-Venedig2017-Foto-Hannah-Wolfel-265x177.jpg\" alt=\"\" width=\"265\" height=\"177\" class=\"alignleft size-thumbnail wp-image-164731\" \/><\/a>Acht Tage lang haben sich die K\u00fcnstlerin Hannah W\u00f6lfel und der freie Journalist Hanswerner Kruse auf der Biennale in Venedig treiben lassen, viele Fotos gemacht und Sehenswertes notiert. Zur Finissage der derzeitigen Ausstellung des Kunstvereins Fulda im Vonderau-Museum werden die Ergebnisse nun am Mittwoch, 28. Juni, pr\u00e4sentiert. <\/p>\n<p>Bei ihren Erkundungen haben sie l\u00e4ngst nicht alles gesehen, was dort zu erleben war, aber einen guten \u00dcberblick gewonnen: Kuratorin Christine Macel wollte der destruktiven Welt die Freiheit und Sch\u00f6nheit der Kunst entgegensetzen. Das ist ihr gelungen &#8211; aber was wurde sie daf\u00fcr kritisiert! Teile der Ausstellung seien kunsthandwerklicher Frauenkram, es seien zu viele alte K\u00fcnstler eingeladen, die Werke verschw\u00e4nden hinter den K\u00fcnstlern, Fl\u00fcchtlinge w\u00fcrden propagandistisch ausgebeutet &#8230;<\/p>\n<p>Die Empfehlung der beiden Besucher W\u00f6lfel und Kruse lautet dagegen: Hingehen, ansehen, die Kunst hochleben lassen: \u201eViva Arte Viva\u201c \u00dcber die gesammelten Eindr\u00fccke schrieb Kruse auch kurze Tagebuch-Texte f\u00fcr die Fuldaer Zeitung.<\/p>\n<p>Am Mittwoch, 28. Juni, um 19 Uhr im Fuldaer Vonderau-Museum zeigen die beiden Kunstbummler nun eine Auswahl ihrer Fotos von Objekten, Installationen und Bildern der venezianischen Kunstschau. Dazu lesen W\u00f6lfel und Kruse Zeitungstexte, zu denen jeweils passende Fotos projiziert werden.<\/p>\n<p>Diese Veranstaltung ist ein Teil der Finissage der noch bis zum 30. Juni laufenden Ausstellung \u201eFlow\u201c des Kunstvereins im Vonderau-Museum. Noch eine kleine \u201eWarnung\u201c: Der Abend ist kein kunsthistorischer Workshop, die Meinungen der beiden und die Foto-Auswahl sind \u00e4u\u00dferst subjektiv. Das Gespr\u00e4ch dar\u00fcber ist aber erw\u00fcnscht.<br \/>\nEintritt frei!<\/p>\n","protected":false},"excerpt":{"rendered":"<div class=\"tmnf_excerpt\"><p>Acht Tage lang haben sich die K\u00fcnstlerin Hannah W\u00f6lfel und der freie Journalist Hanswerner Kruse auf der Biennale in Venedig treiben lassen, viele Fotos gemacht und Sehenswertes notiert. Zur Finissage der derzeitigen Ausstellung des Kunstvereins Fulda im Vonderau-Museum werden die Ergebnisse nun am Mittwoch, 28. Juni, pr\u00e4sentiert. Bei ihren Erkundungen haben sie l\u00e4ngst nicht alles &hellip;<\/p>\n<\/div>","protected":false},"author":1,"featured_media":164732,"comment_status":"closed","ping_status":"closed","sticky":false,"template":"","format":"standard","meta":{"footnotes":""},"categories":[1],"tags":[],"class_list":["post-164727","post","type-post","status-publish","format-standard","has-post-thumbnail","hentry","category-startseite"],"_links":{"self":[{"href":"https:\/\/www.fuldaernachrichten.de\/index.php?rest_route=\/wp\/v2\/posts\/164727","targetHints":{"allow":["GET"]}}],"collection":[{"href":"https:\/\/www.fuldaernachrichten.de\/index.php?rest_route=\/wp\/v2\/posts"}],"about":[{"href":"https:\/\/www.fuldaernachrichten.de\/index.php?rest_route=\/wp\/v2\/types\/post"}],"author":[{"embeddable":true,"href":"https:\/\/www.fuldaernachrichten.de\/index.php?rest_route=\/wp\/v2\/users\/1"}],"replies":[{"embeddable":true,"href":"https:\/\/www.fuldaernachrichten.de\/index.php?rest_route=%2Fwp%2Fv2%2Fcomments&post=164727"}],"version-history":[{"count":1,"href":"https:\/\/www.fuldaernachrichten.de\/index.php?rest_route=\/wp\/v2\/posts\/164727\/revisions"}],"predecessor-version":[{"id":164733,"href":"https:\/\/www.fuldaernachrichten.de\/index.php?rest_route=\/wp\/v2\/posts\/164727\/revisions\/164733"}],"wp:featuredmedia":[{"embeddable":true,"href":"https:\/\/www.fuldaernachrichten.de\/index.php?rest_route=\/wp\/v2\/media\/164732"}],"wp:attachment":[{"href":"https:\/\/www.fuldaernachrichten.de\/index.php?rest_route=%2Fwp%2Fv2%2Fmedia&parent=164727"}],"wp:term":[{"taxonomy":"category","embeddable":true,"href":"https:\/\/www.fuldaernachrichten.de\/index.php?rest_route=%2Fwp%2Fv2%2Fcategories&post=164727"},{"taxonomy":"post_tag","embeddable":true,"href":"https:\/\/www.fuldaernachrichten.de\/index.php?rest_route=%2Fwp%2Fv2%2Ftags&post=164727"}],"curies":[{"name":"wp","href":"https:\/\/api.w.org\/{rel}","templated":true}]}}