{"id":164724,"date":"2017-06-21T06:58:11","date_gmt":"2017-06-21T04:58:11","guid":{"rendered":"http:\/\/www.fuldaer-nachrichten.de\/?p=164724"},"modified":"2017-06-21T06:58:11","modified_gmt":"2017-06-21T04:58:11","slug":"zwischenbilanz-zur-dorfentwicklung-wird-gezogen-oeffentliche-informationsveranstaltung-am-27-juni-im-kolpinghaus","status":"publish","type":"post","link":"https:\/\/www.fuldaernachrichten.de\/?p=164724","title":{"rendered":"Zwischenbilanz zur Dorfentwicklung wird gezogen &#8211; \u00d6ffentliche Informationsveranstaltung am 27. Juni im Kolpinghaus"},"content":{"rendered":"<p>Das Dorfentwicklungsverfahren IKEK in den H\u00fcnfelder Stadtteilen hat Fahrt aufgenommen, viele Ma\u00dfnahmen wurden bereits umgesetzt oder stehen vor dem Beginn. Dar\u00fcber soll in einer \u00f6ffentlichen Informationsveranstaltung am Dienstag, 27. Juni, ab 19 Uhr in der Stadthalle Kolpinghaus informiert werden.<\/p>\n<p>Eingeladen sind alle B\u00fcrger, die Interesse an dem F\u00f6rderprogramm und an den Projekten haben, teilt B\u00fcrgermeister Stefan Schwenk mit. Als Gespr\u00e4chspartner stehen an diesem Abend neben dem B\u00fcrgermeister auch die verantwortliche Mitarbeiterin des Landkreises Fulda im Fachdienst Regionalentwicklung Angelika Boese, sowie die Koordinatorin des IKEK-Verfahrens in der Stadtverwaltung, Petra Skrobanek, zur Verf\u00fcgung. Angelika Boese wird \u00fcber die M\u00f6glichkeit zur F\u00f6rderung von Privatma\u00dfnahmen und \u00fcber die F\u00f6rderrichtlinien berichten, die gegenw\u00e4rtig ge\u00e4ndert werden.<\/p>\n<p>An diesem Abend soll nicht nur Zwischenbilanz gezogen, sondern auch \u00fcber die n\u00e4chsten Projekte und Vorhaben informiert werden. Nachdem einige Ortsmittelpunkte bereits aufgewertet werden konnten, steht jetzt insbesondere der barrierefreie Umbau von B\u00fcrger- und Vereinsh\u00e4usern im Stadtgebiet an.<\/p>\n<p>Das Dorfentwicklungsverfahren l\u00e4uft noch bis Ende 2020. F\u00fcr \u00f6ffentliche Ma\u00dfnahmen in H\u00fcnfelds Stadtteilen stehen derzeit noch F\u00f6rdermittel in H\u00f6he von etwa 396.000 \u00e2\u201a\u00ac zur Verf\u00fcgung. Bis Ende 2019 besteht noch die M\u00f6glichkeit mit neuen Projekten zu beginnen, wenn sie den Zielen des Dorfentwicklungsverfahrens entsprechen. Auch die F\u00f6rderung privater Investitionsvorhaben in Kernbereichen der D\u00f6rfer ist weiterhin m\u00f6glich.<\/p>\n","protected":false},"excerpt":{"rendered":"<div class=\"tmnf_excerpt\"><p>Das Dorfentwicklungsverfahren IKEK in den H\u00fcnfelder Stadtteilen hat Fahrt aufgenommen, viele Ma\u00dfnahmen wurden bereits umgesetzt oder stehen vor dem Beginn. Dar\u00fcber soll in einer \u00f6ffentlichen Informationsveranstaltung am Dienstag, 27. Juni, ab 19 Uhr in der Stadthalle Kolpinghaus informiert werden. Eingeladen sind alle B\u00fcrger, die Interesse an dem F\u00f6rderprogramm und an den Projekten haben, teilt B\u00fcrgermeister &hellip;<\/p>\n<\/div>","protected":false},"author":1,"featured_media":0,"comment_status":"closed","ping_status":"closed","sticky":false,"template":"","format":"standard","meta":{"footnotes":""},"categories":[1],"tags":[],"class_list":["post-164724","post","type-post","status-publish","format-standard","hentry","category-startseite"],"_links":{"self":[{"href":"https:\/\/www.fuldaernachrichten.de\/index.php?rest_route=\/wp\/v2\/posts\/164724","targetHints":{"allow":["GET"]}}],"collection":[{"href":"https:\/\/www.fuldaernachrichten.de\/index.php?rest_route=\/wp\/v2\/posts"}],"about":[{"href":"https:\/\/www.fuldaernachrichten.de\/index.php?rest_route=\/wp\/v2\/types\/post"}],"author":[{"embeddable":true,"href":"https:\/\/www.fuldaernachrichten.de\/index.php?rest_route=\/wp\/v2\/users\/1"}],"replies":[{"embeddable":true,"href":"https:\/\/www.fuldaernachrichten.de\/index.php?rest_route=%2Fwp%2Fv2%2Fcomments&post=164724"}],"version-history":[{"count":1,"href":"https:\/\/www.fuldaernachrichten.de\/index.php?rest_route=\/wp\/v2\/posts\/164724\/revisions"}],"predecessor-version":[{"id":164725,"href":"https:\/\/www.fuldaernachrichten.de\/index.php?rest_route=\/wp\/v2\/posts\/164724\/revisions\/164725"}],"wp:attachment":[{"href":"https:\/\/www.fuldaernachrichten.de\/index.php?rest_route=%2Fwp%2Fv2%2Fmedia&parent=164724"}],"wp:term":[{"taxonomy":"category","embeddable":true,"href":"https:\/\/www.fuldaernachrichten.de\/index.php?rest_route=%2Fwp%2Fv2%2Fcategories&post=164724"},{"taxonomy":"post_tag","embeddable":true,"href":"https:\/\/www.fuldaernachrichten.de\/index.php?rest_route=%2Fwp%2Fv2%2Ftags&post=164724"}],"curies":[{"name":"wp","href":"https:\/\/api.w.org\/{rel}","templated":true}]}}