{"id":164719,"date":"2017-06-21T06:57:31","date_gmt":"2017-06-21T04:57:31","guid":{"rendered":"http:\/\/www.fuldaer-nachrichten.de\/?p=164719"},"modified":"2017-06-21T06:57:31","modified_gmt":"2017-06-21T04:57:31","slug":"dinner-in-weiss-sommerabend-kerzenschein-froehliche-musik%e2%80%a8","status":"publish","type":"post","link":"https:\/\/www.fuldaernachrichten.de\/?p=164719","title":{"rendered":"Dinner in Wei\u00df: Sommerabend, Kerzenschein, fr\u00f6hliche Musik\u00e2\u20ac\u00a8"},"content":{"rendered":"<p>Seit dem erfolgreichen Auftakt 2014 veranstaltet der AWO Kreisverband in jedem Jahr nach dem Vorbild aus Paris ein Dinner in Wei\u00df \u2013 und wer vorbei kam, staunte nicht schlecht \u00fcber das was er dort sah: \u00fcber 100 wei\u00df gekleidete Menschen speisten an wei\u00df gedeckten Tischen. Die zugrundeliegende Idee ist die friedliche Begegnung und der Austausch von Menschen &#8211; ganz egal, um wen es sich handelt, wie unterschiedlich sie sind oder woher sie kommen. <\/p>\n<p>Nachdem die Veranstaltung drei Mal im Badegarten stattfand, wurde in diesem Jahr die Veranstaltungsmulde\/Parkb\u00fchne in der Fulda Aue gew\u00e4hlt (neben Feuerwehrmuseum\/DRK). Geplanter Termin ist Donnerstag, 29. Juni, ab 19 Uhr (Ende ca. 22:30 Uhr).<\/p>\n<p>Man sitzt zusammen, unterh\u00e4lt sich und tauscht Speisen aus. Neben K\u00e4se und Weintrauben finden sich eine Vielzahl internationaler Speisen und Getr\u00e4nke, die von einem Tisch zum anderen gereicht werden. Es gibt keinerlei Altersbeschr\u00e4nkung: neben elegant gekleideten Seniorinnen sitzen junge M\u00fctter mit Kinderwagen. Auch mit Rollstuhl ist der Weg durch die Bankreihen m\u00f6glich, um zu einem neuen Gespr\u00e4chspartner zu kommen. <\/p>\n<p>Mit zunehmender Dunkelheit taucht die Gesellschaft immer mehr in den Schein der vielen Kerzen ein, die von den festlich in Wei\u00df und Silber gedeckten Tischen reflektiert werden. Zur Untermalung spielt das Duo Zeitensprung (Tilo Zschorn und Kalle Ziegler) und sorgt mit Gitarrenmusik und Gesang f\u00fcr Wohlf\u00fchlstimmung. Weitere musikalische Beitr\u00e4ge sind spontan m\u00f6glich.<\/p>\n<p>Die typischen Regeln f\u00fcr das inzwischen in vielen St\u00e4dten stattfindende Dinner-in-Wei\u00df werden streng eingehalten: alle kommen in heller Kleidung, mitgebrachte Tische und St\u00fchle werden aneinander gereiht und wei\u00df eingedeckt, der Picknickkorb ist gef\u00fcllt. Bitte beachten: kein Plastikgeschirr, kein Grillen vor Ort, anschlie\u00dfend alles sauber verlassen (Abfall mitnehmen).<\/p>\n<p>Das Fest verfolgt keine kommerziellen Ziele. Eine Spende zugunsten der sozialen Arbeit der AWO ist willkommen. F\u00fcr einen Sitzplatz an einer bereits mit wei\u00dfem Tuch versehenen Biergarnitur sollten das 5 Euro pro Person sein. Dieser Service wird vom AWO Bereich Lohn und Brot bereitgestellt, der auch das Kaufhaus mit Herz und die Fahrradwerkstatt betreibt.<\/p>\n<p>Damit entsprechend geplant werden kann, sind Reservierungen f\u00fcr die Sitzpl\u00e4tze unter Angabe von Name und R\u00fcckrufnummer erforderlich, m\u00f6glichst bis 27.06. per eMail an: buero-aktiv@awo-fulda.de (oder Telefon 0661 4800450). Wer seinen eigenen Tisch tragen kann, ist ohne Anmeldung willkommen!<\/p>\n<p>Bei schlechtem Wetter wird die Veranstaltung verschoben. In diesem Fall bitte auf entsprechende Hinweise achten. Siehe auch www.facebook.com\/dinner.in.weiss.fulda. <\/p>\n","protected":false},"excerpt":{"rendered":"<div class=\"tmnf_excerpt\"><p>Seit dem erfolgreichen Auftakt 2014 veranstaltet der AWO Kreisverband in jedem Jahr nach dem Vorbild aus Paris ein Dinner in Wei\u00df \u2013 und wer vorbei kam, staunte nicht schlecht \u00fcber das was er dort sah: \u00fcber 100 wei\u00df gekleidete Menschen speisten an wei\u00df gedeckten Tischen. Die zugrundeliegende Idee ist die friedliche Begegnung und der Austausch &hellip;<\/p>\n<\/div>","protected":false},"author":1,"featured_media":164722,"comment_status":"closed","ping_status":"closed","sticky":false,"template":"","format":"standard","meta":{"footnotes":""},"categories":[1],"tags":[],"class_list":["post-164719","post","type-post","status-publish","format-standard","has-post-thumbnail","hentry","category-startseite"],"_links":{"self":[{"href":"https:\/\/www.fuldaernachrichten.de\/index.php?rest_route=\/wp\/v2\/posts\/164719","targetHints":{"allow":["GET"]}}],"collection":[{"href":"https:\/\/www.fuldaernachrichten.de\/index.php?rest_route=\/wp\/v2\/posts"}],"about":[{"href":"https:\/\/www.fuldaernachrichten.de\/index.php?rest_route=\/wp\/v2\/types\/post"}],"author":[{"embeddable":true,"href":"https:\/\/www.fuldaernachrichten.de\/index.php?rest_route=\/wp\/v2\/users\/1"}],"replies":[{"embeddable":true,"href":"https:\/\/www.fuldaernachrichten.de\/index.php?rest_route=%2Fwp%2Fv2%2Fcomments&post=164719"}],"version-history":[{"count":1,"href":"https:\/\/www.fuldaernachrichten.de\/index.php?rest_route=\/wp\/v2\/posts\/164719\/revisions"}],"predecessor-version":[{"id":164723,"href":"https:\/\/www.fuldaernachrichten.de\/index.php?rest_route=\/wp\/v2\/posts\/164719\/revisions\/164723"}],"wp:featuredmedia":[{"embeddable":true,"href":"https:\/\/www.fuldaernachrichten.de\/index.php?rest_route=\/wp\/v2\/media\/164722"}],"wp:attachment":[{"href":"https:\/\/www.fuldaernachrichten.de\/index.php?rest_route=%2Fwp%2Fv2%2Fmedia&parent=164719"}],"wp:term":[{"taxonomy":"category","embeddable":true,"href":"https:\/\/www.fuldaernachrichten.de\/index.php?rest_route=%2Fwp%2Fv2%2Fcategories&post=164719"},{"taxonomy":"post_tag","embeddable":true,"href":"https:\/\/www.fuldaernachrichten.de\/index.php?rest_route=%2Fwp%2Fv2%2Ftags&post=164719"}],"curies":[{"name":"wp","href":"https:\/\/api.w.org\/{rel}","templated":true}]}}