{"id":164716,"date":"2017-06-21T06:56:04","date_gmt":"2017-06-21T04:56:04","guid":{"rendered":"http:\/\/www.fuldaer-nachrichten.de\/?p=164716"},"modified":"2017-06-21T06:56:04","modified_gmt":"2017-06-21T04:56:04","slug":"erste-hilfe-fuer-kinder-grundschulen-nahmen-arbeitsbuecher-in-empfang","status":"publish","type":"post","link":"https:\/\/www.fuldaernachrichten.de\/?p=164716","title":{"rendered":"Erste Hilfe f\u00fcr Kinder \u2013 Grundschulen nahmen Arbeitsb\u00fccher in Empfang"},"content":{"rendered":"<p>Was mache ich bei Verbrennungen, einem Zeckenbiss oder einer Vergiftung? Und vor allem: Wie kann ich anderen im Notfall helfen? Die kindgerechte Beantwortung dieser Fragen hat  sich der K&#038;L Verlag zum Ziel gesetzt und ein leichtverst\u00e4ndliches Mal- und Arbeitsbuch f\u00fcr M\u00e4dchen und Jungen im Grundschulalter entwickelt. Landrat Manfred G\u00f6rig \u00fcbernahm die Patenschaft f\u00fcr das Projekt. Gerade wurde das Buch \u201eErste Hilfe f\u00fcr Kinder\u201c in einer Auflage von 1.490 St\u00fcck an die Grundschulen im Vogelsbergkreis versandt. Mehr als 110 Sponsoren aus dem Kreis  unterst\u00fctzen das Projekt.<\/p>\n<p>J\u00e4hrlich werden in Deutschland viele Tausend Kinder durch Unf\u00e4lle verletzt. Neben dem Stra\u00dfenverkehr z\u00e4hlen Verletzungen beim Spielen und Toben zu den Hauptursachen. Bei Notf\u00e4llen kommt\u00e2\u20ac\u00a8es dann darauf an, bereits vor Eintreffen des Rettungsdienstes mit \u201eErste-Hilfe-Ma\u00dfnahmen\u201c zu beginnen. \u201eWenn Kinder einige einfache Verhaltensweisen lernen, werden sie diese Regeln in ihrem Alltag einsetzten und auch als Erwachsene entsprechend umsetzen\u201c, erkl\u00e4rt Landrat Manfred G\u00f6rig. So entstand die Idee zu einem kindgerechten Mal- und Arbeitsbuch, das der K&#038;L Verlag gemeinsam mit der Hamburger Feuerwehr und Landesfeuerwehrschule Hamburg entwickelte. Es vermittelt Kindern der dritten oder vierten Klasse spielerisch die F\u00e4higkeiten, bei Notf\u00e4llen Erste Hilfe leisten zu k\u00f6nnen.<\/p>\n<p>Kindgerechte Inhalte, kindgerecht gezeichnet<br \/>\nAnfang Juni 2017 war es soweit: die Grundschulen im Vogelsbergkreis konnten die B\u00fccher in Empfang nehmen. Sie erz\u00e4hlen von dem Geschwisterpaar Mario und Olivia, die gemeinsam mit dem Dackel Waldi durch verschiedene Episoden f\u00fchren. Auf 32 Seiten geben sie Tipps und Ratschl\u00e4ge zur Ersten-Hilfe und stellen Aufgaben zur \u00dcberpr\u00fcfung des Erlernten. Themen wie Verbrennungen, Hitzschlag, Zeckenbisse, Vergiftungen oder Schocks werden ausf\u00fchrlich behandelt. Die Kinder erhalten altersgerechtes Wissen, wie sie sich im Notfall verhalten und Hilfe herbeirufen k\u00f6nnen. Die auszumalenden Bilder vertiefen das Erlernte. Gleichzeitig k\u00f6nnen P\u00e4dagogen, Erzieher und Eltern die Abbildungen mit den Kindern besprechen und \u00fcben.<\/p>\n<p>Mehr als 110 Sponsoren haben das Projekt unterst\u00fctzt und damit erm\u00f6glicht, das Mal- und Arbeitsbuch in einer Auflage von 1.490 St\u00fcck herauszugeben. Daf\u00fcr wurden sie auf einer \u201eDankesch\u00f6n-Seite\u201c erw\u00e4hnt. \u201eAuf diese Weise m\u00f6chten wir uns bei allen Unterst\u00fctzern herzlich bedanken\u201c, so Landrat Manfred G\u00f6rig weiter. Der K&#038;L Verlag hat die Mal- und Arbeitsb\u00fccher kostenlos an die Grundschulen versandt.<\/p>\n","protected":false},"excerpt":{"rendered":"<div class=\"tmnf_excerpt\"><p>Was mache ich bei Verbrennungen, einem Zeckenbiss oder einer Vergiftung? Und vor allem: Wie kann ich anderen im Notfall helfen? Die kindgerechte Beantwortung dieser Fragen hat sich der K&#038;L Verlag zum Ziel gesetzt und ein leichtverst\u00e4ndliches Mal- und Arbeitsbuch f\u00fcr M\u00e4dchen und Jungen im Grundschulalter entwickelt. Landrat Manfred G\u00f6rig \u00fcbernahm die Patenschaft f\u00fcr das Projekt. &hellip;<\/p>\n<\/div>","protected":false},"author":1,"featured_media":164720,"comment_status":"closed","ping_status":"closed","sticky":false,"template":"","format":"standard","meta":{"footnotes":""},"categories":[1],"tags":[],"class_list":["post-164716","post","type-post","status-publish","format-standard","has-post-thumbnail","hentry","category-startseite"],"_links":{"self":[{"href":"https:\/\/www.fuldaernachrichten.de\/index.php?rest_route=\/wp\/v2\/posts\/164716","targetHints":{"allow":["GET"]}}],"collection":[{"href":"https:\/\/www.fuldaernachrichten.de\/index.php?rest_route=\/wp\/v2\/posts"}],"about":[{"href":"https:\/\/www.fuldaernachrichten.de\/index.php?rest_route=\/wp\/v2\/types\/post"}],"author":[{"embeddable":true,"href":"https:\/\/www.fuldaernachrichten.de\/index.php?rest_route=\/wp\/v2\/users\/1"}],"replies":[{"embeddable":true,"href":"https:\/\/www.fuldaernachrichten.de\/index.php?rest_route=%2Fwp%2Fv2%2Fcomments&post=164716"}],"version-history":[{"count":1,"href":"https:\/\/www.fuldaernachrichten.de\/index.php?rest_route=\/wp\/v2\/posts\/164716\/revisions"}],"predecessor-version":[{"id":164721,"href":"https:\/\/www.fuldaernachrichten.de\/index.php?rest_route=\/wp\/v2\/posts\/164716\/revisions\/164721"}],"wp:featuredmedia":[{"embeddable":true,"href":"https:\/\/www.fuldaernachrichten.de\/index.php?rest_route=\/wp\/v2\/media\/164720"}],"wp:attachment":[{"href":"https:\/\/www.fuldaernachrichten.de\/index.php?rest_route=%2Fwp%2Fv2%2Fmedia&parent=164716"}],"wp:term":[{"taxonomy":"category","embeddable":true,"href":"https:\/\/www.fuldaernachrichten.de\/index.php?rest_route=%2Fwp%2Fv2%2Fcategories&post=164716"},{"taxonomy":"post_tag","embeddable":true,"href":"https:\/\/www.fuldaernachrichten.de\/index.php?rest_route=%2Fwp%2Fv2%2Ftags&post=164716"}],"curies":[{"name":"wp","href":"https:\/\/api.w.org\/{rel}","templated":true}]}}