{"id":164714,"date":"2017-06-21T06:58:34","date_gmt":"2017-06-21T04:58:34","guid":{"rendered":"http:\/\/www.fuldaer-nachrichten.de\/?p=164714"},"modified":"2017-06-21T06:58:34","modified_gmt":"2017-06-21T04:58:34","slug":"besichtigung-der-severikirche","status":"publish","type":"post","link":"https:\/\/www.fuldaernachrichten.de\/?p=164714","title":{"rendered":"Besichtigung der Severikirche"},"content":{"rendered":"<p>Die einzige gotische Kirche, die Fulda heute noch besitzt, ist die Severikirche, die vormals als &#8220;Neue Kirche&#8221; bekannt war. Da sie in der Unterstadt liegt und abseits der Barockbauten, wird sie nicht mehr geb\u00fchrend wahrgenommen.<\/p>\n<p>Sie ist in den Jahren 1438 &#8211; 1445 erbaut und erz\u00e4hlt von einer abwechslungsreichen Geschichte. Eine einst\u00fcndige F\u00fchrung unter Leitung von Karl-Heinz Herbst veranstaltet die St\u00e4dtische Volkshochschule am Dienstag, 27. Juni 2017 um 14.30 Uhr.<br \/>\nAuskunft und Anmeldung \u00fcber die vhs-Gesch\u00e4ftsstelle, Unterm Hl. Kreuz 1, Telefon 0661\/102-1474.<\/p>\n","protected":false},"excerpt":{"rendered":"<div class=\"tmnf_excerpt\"><p>Die einzige gotische Kirche, die Fulda heute noch besitzt, ist die Severikirche, die vormals als &#8220;Neue Kirche&#8221; bekannt war. Da sie in der Unterstadt liegt und abseits der Barockbauten, wird sie nicht mehr geb\u00fchrend wahrgenommen. Sie ist in den Jahren 1438 &#8211; 1445 erbaut und erz\u00e4hlt von einer abwechslungsreichen Geschichte. Eine einst\u00fcndige F\u00fchrung unter Leitung &hellip;<\/p>\n<\/div>","protected":false},"author":1,"featured_media":0,"comment_status":"closed","ping_status":"closed","sticky":false,"template":"","format":"standard","meta":{"footnotes":""},"categories":[1],"tags":[],"class_list":["post-164714","post","type-post","status-publish","format-standard","hentry","category-startseite"],"_links":{"self":[{"href":"https:\/\/www.fuldaernachrichten.de\/index.php?rest_route=\/wp\/v2\/posts\/164714","targetHints":{"allow":["GET"]}}],"collection":[{"href":"https:\/\/www.fuldaernachrichten.de\/index.php?rest_route=\/wp\/v2\/posts"}],"about":[{"href":"https:\/\/www.fuldaernachrichten.de\/index.php?rest_route=\/wp\/v2\/types\/post"}],"author":[{"embeddable":true,"href":"https:\/\/www.fuldaernachrichten.de\/index.php?rest_route=\/wp\/v2\/users\/1"}],"replies":[{"embeddable":true,"href":"https:\/\/www.fuldaernachrichten.de\/index.php?rest_route=%2Fwp%2Fv2%2Fcomments&post=164714"}],"version-history":[{"count":1,"href":"https:\/\/www.fuldaernachrichten.de\/index.php?rest_route=\/wp\/v2\/posts\/164714\/revisions"}],"predecessor-version":[{"id":164728,"href":"https:\/\/www.fuldaernachrichten.de\/index.php?rest_route=\/wp\/v2\/posts\/164714\/revisions\/164728"}],"wp:attachment":[{"href":"https:\/\/www.fuldaernachrichten.de\/index.php?rest_route=%2Fwp%2Fv2%2Fmedia&parent=164714"}],"wp:term":[{"taxonomy":"category","embeddable":true,"href":"https:\/\/www.fuldaernachrichten.de\/index.php?rest_route=%2Fwp%2Fv2%2Fcategories&post=164714"},{"taxonomy":"post_tag","embeddable":true,"href":"https:\/\/www.fuldaernachrichten.de\/index.php?rest_route=%2Fwp%2Fv2%2Ftags&post=164714"}],"curies":[{"name":"wp","href":"https:\/\/api.w.org\/{rel}","templated":true}]}}