{"id":164709,"date":"2017-06-21T06:55:22","date_gmt":"2017-06-21T04:55:22","guid":{"rendered":"http:\/\/www.fuldaer-nachrichten.de\/?p=164709"},"modified":"2017-06-21T06:55:22","modified_gmt":"2017-06-21T04:55:22","slug":"blankenauer-hopperain-spieler-feiern-35-jaehriges-bestehen-%e2%80%a8mit-benefizkonzert-in-kuenzell-zugunsten-der-lebenshilfe","status":"publish","type":"post","link":"https:\/\/www.fuldaernachrichten.de\/?p=164709","title":{"rendered":"Blankenauer \u201eHopperain\u201c-Spieler feiern 35-j\u00e4hriges Bestehen \u00e2\u20ac\u00a8mit Benefizkonzert in K\u00fcnzell zugunsten der Lebenshilfe"},"content":{"rendered":"<p>Es ist eine t\u00f6nende Tradition im Vorderen Vogelsberg: Die \u201eHopperain\u201c-Spieler Matthias Bickert und J\u00fcrgen von Keitz aus dem Hosenfelder Ortsteil Blankenau sind jeden Sonntag im Mai mit ihren Fl\u00fcgelh\u00f6rnern und Trompeten von ihrem Hausberg, dem Hopperain, mit traditionellen Volksliedern zu h\u00f6ren und erfreuen ihre Zuh\u00f6rer. In diesem Jahr feiern sie ihr 35-j\u00e4hriges Duo- und Hopperain-Jubil\u00e4um \u2013 unter anderem mit einem gro\u00dfen Benefizkonzert zugunsten der Lebenshilfe Fulda-H\u00fcnfeld am Samstag, 24. Juni, um 19.30 Uhr im K\u00fcnzeller Gemeindezentrum.<\/p>\n<p>Dazu haben sie sich bekannte Musikerinnen und Musiker aus dem ganzen Land eingeladen. Ebenfalls werden auch ber\u00fchmte Musiker und eine S\u00e4ngerin von namhaften Kapellen aus Funk und Fernsehen mit von der Partie sein, um nach 2012 das \u201eHopperain-Jubil\u00e4ums-Orchester\u201c unter der Leitung von Kalle Belz, ehemaliger Fl\u00fcgelhornist der Original Kapelle Egerland, noch einmal aufleben zu lassen. Die rund 30 Musikerinnen und Musiker mit der besonderen Liebe zur Musik von Ernst Mosch pr\u00e4sentieren altvertraute und nur speziell ausgew\u00e4hlte, sowie selten gespielte und neu entdeckte Lieblingsmelodien des \u201eK\u00f6nigs der Blasmusik\u201c. Freuen Sie sich auf einen unvergesslichen Abend mit beliebten Egerl\u00e4nder Welterfolgen!<\/p>\n<p>Ein erstes Benefizkonzert der \u201eHopperainer\u201c fand bereits Ende Mai im B\u00fcrgerhaus Hosenfeld zu Gunsten des Wohnprojektes \u201eHaus Herta\u201c in Hosenfeld statt und war ein voller Erfolg. F\u00fcr das Benefizkonzert  am Samstag, 24. Juni, im Gemeindezentrum K\u00fcnzell gibt es noch Karten im Vorverkauf bei allen bekannten Vorverkaufsstellen (siehe Flyer), sowie bei J\u00fcrgen von Keitz Tel. (06650) 918751 und Matthias Bickert (06650) 919704 f\u00fcr 12 Euro oder an der Abendkasse f\u00fcr 15 Euro Einlass ist ab 18 Uhr, Konzertbeginn um 19.30 Uhr. <\/p>\n","protected":false},"excerpt":{"rendered":"<div class=\"tmnf_excerpt\"><p>Es ist eine t\u00f6nende Tradition im Vorderen Vogelsberg: Die \u201eHopperain\u201c-Spieler Matthias Bickert und J\u00fcrgen von Keitz aus dem Hosenfelder Ortsteil Blankenau sind jeden Sonntag im Mai mit ihren Fl\u00fcgelh\u00f6rnern und Trompeten von ihrem Hausberg, dem Hopperain, mit traditionellen Volksliedern zu h\u00f6ren und erfreuen ihre Zuh\u00f6rer. In diesem Jahr feiern sie ihr 35-j\u00e4hriges Duo- und Hopperain-Jubil\u00e4um &hellip;<\/p>\n<\/div>","protected":false},"author":1,"featured_media":164717,"comment_status":"closed","ping_status":"closed","sticky":false,"template":"","format":"standard","meta":{"footnotes":""},"categories":[1],"tags":[],"class_list":["post-164709","post","type-post","status-publish","format-standard","has-post-thumbnail","hentry","category-startseite"],"_links":{"self":[{"href":"https:\/\/www.fuldaernachrichten.de\/index.php?rest_route=\/wp\/v2\/posts\/164709","targetHints":{"allow":["GET"]}}],"collection":[{"href":"https:\/\/www.fuldaernachrichten.de\/index.php?rest_route=\/wp\/v2\/posts"}],"about":[{"href":"https:\/\/www.fuldaernachrichten.de\/index.php?rest_route=\/wp\/v2\/types\/post"}],"author":[{"embeddable":true,"href":"https:\/\/www.fuldaernachrichten.de\/index.php?rest_route=\/wp\/v2\/users\/1"}],"replies":[{"embeddable":true,"href":"https:\/\/www.fuldaernachrichten.de\/index.php?rest_route=%2Fwp%2Fv2%2Fcomments&post=164709"}],"version-history":[{"count":1,"href":"https:\/\/www.fuldaernachrichten.de\/index.php?rest_route=\/wp\/v2\/posts\/164709\/revisions"}],"predecessor-version":[{"id":164718,"href":"https:\/\/www.fuldaernachrichten.de\/index.php?rest_route=\/wp\/v2\/posts\/164709\/revisions\/164718"}],"wp:featuredmedia":[{"embeddable":true,"href":"https:\/\/www.fuldaernachrichten.de\/index.php?rest_route=\/wp\/v2\/media\/164717"}],"wp:attachment":[{"href":"https:\/\/www.fuldaernachrichten.de\/index.php?rest_route=%2Fwp%2Fv2%2Fmedia&parent=164709"}],"wp:term":[{"taxonomy":"category","embeddable":true,"href":"https:\/\/www.fuldaernachrichten.de\/index.php?rest_route=%2Fwp%2Fv2%2Fcategories&post=164709"},{"taxonomy":"post_tag","embeddable":true,"href":"https:\/\/www.fuldaernachrichten.de\/index.php?rest_route=%2Fwp%2Fv2%2Ftags&post=164709"}],"curies":[{"name":"wp","href":"https:\/\/api.w.org\/{rel}","templated":true}]}}