{"id":164708,"date":"2017-06-21T06:54:05","date_gmt":"2017-06-21T04:54:05","guid":{"rendered":"http:\/\/www.fuldaer-nachrichten.de\/?p=164708"},"modified":"2017-06-21T06:54:05","modified_gmt":"2017-06-21T04:54:05","slug":"preistraeger-des-diesjaehrigen-bundeswettbewerbs-jugend-musiziert-unter-mitwirkenden-am-solistenkonzert-zum-auftakt","status":"publish","type":"post","link":"https:\/\/www.fuldaernachrichten.de\/?p=164708","title":{"rendered":"Preistr\u00e4ger des diesj\u00e4hrigen Bundeswettbewerbs \u201eJugend musiziert\u201c unter Mitwirkenden am Solistenkonzert zum Auftakt"},"content":{"rendered":"<p><a href=\"http:\/\/www.fuldaer-nachrichten.de\/wp-content\/uploads\/2017\/06\/312-Musikschultag-2.jpg\"><img decoding=\"async\" src=\"http:\/\/www.fuldaer-nachrichten.de\/wp-content\/uploads\/2017\/06\/312-Musikschultag-2-265x176.jpg\" alt=\"\" width=\"265\" height=\"176\" class=\"alignleft size-thumbnail wp-image-164712\" srcset=\"https:\/\/www.fuldaernachrichten.de\/wp-content\/uploads\/2017\/06\/312-Musikschultag-2-265x176.jpg 265w, https:\/\/www.fuldaernachrichten.de\/wp-content\/uploads\/2017\/06\/312-Musikschultag-2-768x510.jpg 768w, https:\/\/www.fuldaernachrichten.de\/wp-content\/uploads\/2017\/06\/312-Musikschultag-2-600x399.jpg 600w, https:\/\/www.fuldaernachrichten.de\/wp-content\/uploads\/2017\/06\/312-Musikschultag-2.jpg 900w\" sizes=\"(max-width: 265px) 100vw, 265px\" \/><\/a>Wie jedes Jahr findet auch in diesem Sommer wieder ein Musikschultag des Fachbereiches Musikerziehung der Volkshochschule des Landkreises Fulda statt. Veranstaltungsorte sind die Winfriedschule in Fulda und das Eichenzeller Schl\u00f6sschen, die sich beide in der Vergangenheit als Austragungsorte bew\u00e4hrt haben.<\/p>\n<p>Das musikalische Gro\u00dfereignis wird mit einem Solistenkonzert am Samstag, 24. Juni, im Kultursaal des Eichenzeller Schl\u00f6sschens er\u00f6ffnet. Beginn ist um 19 Uhr. Auf dem Programm stehen Werke aus unterschiedlichen Epochen von klassischen bis zu zeitgen\u00f6ssischen Komponisten, die haupts\u00e4chlich von Preistr\u00e4gern beim Wettbewerb \u201eJugend musiziert\u201c und weiteren fortgeschrittenen Sch\u00fclerinnen und Sch\u00fclern des Fachbereichs solistisch oder in kleineren Ensembles dargeboten werden. <\/p>\n<p>Auch bietet das Konzert die einmalige Gelegenheit, einen frisch gek\u00fcrten Bundessieger und Preistr\u00e4ger von \u201eJugend musiziert\u201c live zu h\u00f6ren. Georg Rupprecht, Gesangssch\u00fcler an der Musikschule des Landkreises Fulda bei Brigitte Gro\u00df-Feldmann, wird auftreten und zwei St\u00fccke singen. Beide sollen noch einmal von Fachbereichsleiter Dr. Klaus Listmann offiziell geehrt werden und ebenso wie die \u00fcbrigen Mitwirkenden am Solistenkonzert kleinere Geschenke erhalten.<\/p>\n<p>Die weiteren Veranstaltungen, an denen \u00fcber 300 von rund 1.000 Sch\u00fclerinnen und Sch\u00fclern des Fachbereichs teilnehmen werden, finden am Sonntag, 25. Juni, ab 12 Uhr in der Winfriedschule in Fulda statt. Die insgesamt zehn Sch\u00fclerkonzerte werden an drei verschiedenen Spielst\u00e4tten aufgef\u00fchrt. Es erwartet die erfahrungsgem\u00e4\u00df mehrere hundert Besucher eine umfangreiche Konzertfolge mit Sch\u00fclerinnen und Sch\u00fclern aller Altersklassen und unterschiedlichen Besetzungen. <\/p>\n<p>Angefangen von den J\u00fcngsten in der musikalischen Fr\u00fcherziehung \u00fcber solistische Instrumental- und Gesangsvortr\u00e4ge bis hin zu einem Konzert des Nachwuchsblasorchesters Mackenzell-N\u00fcsttal unter Leitung von Martin Gensler und den Auftritten der Bl\u00e4serklasse der Winfriedschule unter Leitung von Verena Seuring d\u00fcrfte, so Dr. Klaus Listmann und Andrea Schneider von der Kreismusikschule, f\u00fcr jeden Geschmack etwas dabei. Der Eintritt zu allen Veranstaltungen ist frei. <\/p>\n","protected":false},"excerpt":{"rendered":"<div class=\"tmnf_excerpt\"><p>Wie jedes Jahr findet auch in diesem Sommer wieder ein Musikschultag des Fachbereiches Musikerziehung der Volkshochschule des Landkreises Fulda statt. Veranstaltungsorte sind die Winfriedschule in Fulda und das Eichenzeller Schl\u00f6sschen, die sich beide in der Vergangenheit als Austragungsorte bew\u00e4hrt haben. Das musikalische Gro\u00dfereignis wird mit einem Solistenkonzert am Samstag, 24. Juni, im Kultursaal des Eichenzeller &hellip;<\/p>\n<\/div>","protected":false},"author":1,"featured_media":164711,"comment_status":"closed","ping_status":"closed","sticky":false,"template":"","format":"standard","meta":{"footnotes":""},"categories":[1],"tags":[],"class_list":["post-164708","post","type-post","status-publish","format-standard","has-post-thumbnail","hentry","category-startseite"],"_links":{"self":[{"href":"https:\/\/www.fuldaernachrichten.de\/index.php?rest_route=\/wp\/v2\/posts\/164708","targetHints":{"allow":["GET"]}}],"collection":[{"href":"https:\/\/www.fuldaernachrichten.de\/index.php?rest_route=\/wp\/v2\/posts"}],"about":[{"href":"https:\/\/www.fuldaernachrichten.de\/index.php?rest_route=\/wp\/v2\/types\/post"}],"author":[{"embeddable":true,"href":"https:\/\/www.fuldaernachrichten.de\/index.php?rest_route=\/wp\/v2\/users\/1"}],"replies":[{"embeddable":true,"href":"https:\/\/www.fuldaernachrichten.de\/index.php?rest_route=%2Fwp%2Fv2%2Fcomments&post=164708"}],"version-history":[{"count":1,"href":"https:\/\/www.fuldaernachrichten.de\/index.php?rest_route=\/wp\/v2\/posts\/164708\/revisions"}],"predecessor-version":[{"id":164715,"href":"https:\/\/www.fuldaernachrichten.de\/index.php?rest_route=\/wp\/v2\/posts\/164708\/revisions\/164715"}],"wp:featuredmedia":[{"embeddable":true,"href":"https:\/\/www.fuldaernachrichten.de\/index.php?rest_route=\/wp\/v2\/media\/164711"}],"wp:attachment":[{"href":"https:\/\/www.fuldaernachrichten.de\/index.php?rest_route=%2Fwp%2Fv2%2Fmedia&parent=164708"}],"wp:term":[{"taxonomy":"category","embeddable":true,"href":"https:\/\/www.fuldaernachrichten.de\/index.php?rest_route=%2Fwp%2Fv2%2Fcategories&post=164708"},{"taxonomy":"post_tag","embeddable":true,"href":"https:\/\/www.fuldaernachrichten.de\/index.php?rest_route=%2Fwp%2Fv2%2Ftags&post=164708"}],"curies":[{"name":"wp","href":"https:\/\/api.w.org\/{rel}","templated":true}]}}