{"id":16470,"date":"2008-12-12T08:20:45","date_gmt":"2008-12-12T07:20:45","guid":{"rendered":"http:\/\/www.schoene-nachrichten.de\/?p=16470"},"modified":"2008-12-12T15:57:11","modified_gmt":"2008-12-12T14:57:11","slug":"hjk-psychiartrisches-versorgungszentrum","status":"publish","type":"post","link":"https:\/\/www.fuldaernachrichten.de\/?p=16470","title":{"rendered":"19,25 Millionen Euro f\u00fcr Psychiatrisches Versorgungszentrum"},"content":{"rendered":"<p><a title=\"Foto: Max Colin Heydenreich\" class=\"thickbox\" href=\"http:\/\/www.schoene-nachrichten.de\/wp-content\/uploads\/2008\/12\/081211_HJK_032.jpg\"><img decoding=\"async\" src=\"http:\/\/www.schoene-nachrichten.de\/wp-content\/uploads\/2008\/12\/081211_HJK_032.jpg\" alt=\"081211_HJK_032.jpg\" width=\"560\" \/><\/a><\/p>\n<p><strong>Fulda.<\/strong> Im Juli 2005 unterschrieben die Vorst\u00e4nde des Herz-Jesu-Krankenhauses und des Klinikums Fulda zusammen mit der Hessischen Sozialministerin Silke Lautenschl\u00e4ger und Kommunalpolitikern eine wegweisende Kooperationsvereinbarung, die nicht nur die Zusammenarbeit beider H\u00e4user, sondern auch die Gr\u00fcndung einer gemeinsamen Gesellschaft, der Psychiatrischen Versorungszentrum gGmbH (PVZ), festschrieb. Mit einem Bewilligungsbescheid in H\u00f6he von 19,25 Millionen Euro, der gestern durch die Sozialministerin an die Gesch\u00e4ftsf\u00fchrer des PVZ, Alexander Schmidtke und Harald Jeguschke, \u00fcbergeben wurde, nimmt die Kooperation nun konkrete Formen an.<\/p>\n<p><strong>Fotos (34):<\/strong> Max Colin Heydenreich<!--more--><\/p>\n<p><a title=\"Foto: Max Colin Heydenreich\" rel=\"lightbox[roadtrip]\" href=\"http:\/\/www.schoene-nachrichten.de\/wp-content\/uploads\/2008\/12\/081211_HJK_034.jpg\" target=\"_blank\"><img decoding=\"async\" src=\"http:\/\/www.schoene-nachrichten.de\/wp-content\/uploads\/2008\/12\/081211_HJK_034.thumbnail.jpg\" alt=\"081211_HJK_034.jpg\" width=\"265\" \/><\/a> <a title=\"Foto: Max Colin Heydenreich\" rel=\"lightbox[roadtrip]\" href=\"http:\/\/www.schoene-nachrichten.de\/wp-content\/uploads\/2008\/12\/081211_HJK_013.jpg\" target=\"_blank\"><img decoding=\"async\" src=\"http:\/\/www.schoene-nachrichten.de\/wp-content\/uploads\/2008\/12\/081211_HJK_013.thumbnail.jpg\" alt=\"081211_HJK_013.jpg\" width=\"265\" \/><\/a><br \/>\nBis Ende 2010 wird am Herz-Jesu-Krankenhaus die neue Erwachsenenpsychiatrie entstehen. Geplant ist ein dreigeschossiges, H-f\u00f6rmiges Geb\u00e4ude mit Innenhof und gesch\u00fctztem Au\u00dfenbereich. Die neue Klinik, die von Prof. Dr. Georg Wiedemann, Direktor der Klinik f\u00fcr Psychiatrie am Klinikum Fulda, geleitet wird, verf\u00fcgt \u00fcber 96 statt bisher 80 station\u00e4re Betten sowie 20 Tagespl\u00e4tze.<\/p>\n<p><a title=\"Foto: Max Colin Heydenreich\" rel=\"lightbox[roadtrip]\" href=\"http:\/\/www.schoene-nachrichten.de\/wp-content\/uploads\/2008\/12\/081211_HJK_017.jpg\" target=\"_blank\"><img decoding=\"async\" src=\"http:\/\/www.schoene-nachrichten.de\/wp-content\/uploads\/2008\/12\/081211_HJK_017.thumbnail.jpg\" alt=\"081211_HJK_017.jpg\" width=\"265\" \/><\/a> <a title=\"Foto: Max Colin Heydenreich\" rel=\"lightbox[roadtrip]\" href=\"http:\/\/www.schoene-nachrichten.de\/wp-content\/uploads\/2008\/12\/081211_HJK_028.jpg\" target=\"_blank\"><img decoding=\"async\" src=\"http:\/\/www.schoene-nachrichten.de\/wp-content\/uploads\/2008\/12\/081211_HJK_028.thumbnail.jpg\" alt=\"081211_HJK_028.jpg\" width=\"265\" \/><\/a><br \/>\n\u201eDie angemessene Behandlung und Versorgung psychiatrischer Patienten hat nicht nur medizinische, sondern auch soziale Aspekte\u201c, sagte die Ministerin. Sie verwies darauf, dass mit dem Psychiatrischen Versorgungszentrum eine Versorgungsl\u00fccke in der Region geschlossen werde.<\/p>\n<p><a title=\"Foto: Max Colin Heydenreich\" rel=\"lightbox[roadtrip]\" href=\"http:\/\/www.schoene-nachrichten.de\/wp-content\/uploads\/2008\/12\/081211_HJK_029.jpg\" target=\"_blank\"><img decoding=\"async\" src=\"http:\/\/www.schoene-nachrichten.de\/wp-content\/uploads\/2008\/12\/081211_HJK_029.thumbnail.jpg\" alt=\"081211_HJK_029.jpg\" width=\"265\" \/><\/a> <a title=\"Foto: Max Colin Heydenreich\" rel=\"lightbox[roadtrip]\" href=\"http:\/\/www.schoene-nachrichten.de\/wp-content\/uploads\/2008\/12\/081211_HJK_030.jpg\" target=\"_blank\"><img decoding=\"async\" src=\"http:\/\/www.schoene-nachrichten.de\/wp-content\/uploads\/2008\/12\/081211_HJK_030.thumbnail.jpg\" alt=\"081211_HJK_030.jpg\" width=\"265\" \/><\/a><br \/>\nGeneraloberin Sr. M. Rosalia Bagus erkl\u00e4rte, das \u00fcbergeordnete Ziel der Zusammenarbeit beider H\u00e4user sei die Hilfe f\u00fcr den Menschen. Sie dankte dem Land Hessen, Staatssekret\u00e4r Dr. Walter Arnold und HJK-Gesch\u00e4ftsf\u00fchrer Alexander Schmidtke, die mit Engagement und Flei\u00df die Kooperationsverhandlungen begleitet h\u00e4tten, sowie den Mitarbeiterinnen und Mitarbeiterin in Medizin und Pflege.<\/p>\n<p><a title=\"Foto: Max Colin Heydenreich\" rel=\"lightbox[roadtrip]\" href=\"http:\/\/www.schoene-nachrichten.de\/wp-content\/uploads\/2008\/12\/081211_HJK_027.jpg\" target=\"_blank\"><img decoding=\"async\" src=\"http:\/\/www.schoene-nachrichten.de\/wp-content\/uploads\/2008\/12\/081211_HJK_027.thumbnail.jpg\" alt=\"081211_HJK_027.jpg\" width=\"265\" \/><\/a> <a title=\"Foto: Max Colin Heydenreich\" rel=\"lightbox[roadtrip]\" href=\"http:\/\/www.schoene-nachrichten.de\/wp-content\/uploads\/2008\/12\/081211_HJK_033.jpg\" target=\"_blank\"><img decoding=\"async\" src=\"http:\/\/www.schoene-nachrichten.de\/wp-content\/uploads\/2008\/12\/081211_HJK_033.thumbnail.jpg\" alt=\"081211_HJK_033.jpg\" width=\"265\" \/><\/a>Oberb\u00fcrgermeister Gerhard M\u00f6ller und Erster Kreisbeigeordneter Dr. Heiko Wingenfeld werteten die enge Zusammenarbeit beider Krankenh\u00e4user als \u201ewichtige Entwicklung innerhalb der Stadt und der Region\u201c.<\/p>\n<p><a title=\"Foto: Max Colin Heydenreich\" rel=\"lightbox[roadtrip]\" href=\"http:\/\/www.schoene-nachrichten.de\/wp-content\/uploads\/2008\/12\/081211_HJK_031.jpg\" target=\"_blank\"><img decoding=\"async\" src=\"http:\/\/www.schoene-nachrichten.de\/wp-content\/uploads\/2008\/12\/081211_HJK_031.thumbnail.jpg\" alt=\"081211_HJK_031.jpg\" width=\"265\" \/><\/a> <a title=\"Foto: Max Colin Heydenreich\" rel=\"lightbox[roadtrip]\" href=\"http:\/\/www.schoene-nachrichten.de\/wp-content\/uploads\/2008\/12\/081211_HJK_018.jpg\" target=\"_blank\"><img decoding=\"async\" src=\"http:\/\/www.schoene-nachrichten.de\/wp-content\/uploads\/2008\/12\/081211_HJK_018.thumbnail.jpg\" alt=\"081211_HJK_018.jpg\" width=\"265\" \/><\/a><br \/>\nDer n\u00e4chste Bewilligungsbescheid wird vermutlich nicht lange auf sich warten lassen: Anfang n\u00e4chsten Jahres will die Ministerin den Bescheid f\u00fcr die station\u00e4re Kinder- und Jugendpsychiatrie \u00fcbergeben.<\/p>\n<p><a title=\"Foto: Max Colin Heydenreich\" rel=\"lightbox[roadtrip]\" href=\"http:\/\/www.schoene-nachrichten.de\/wp-content\/uploads\/2008\/12\/081211_HJK_001.jpg\" target=\"_blank\"><img decoding=\"async\" src=\"http:\/\/www.schoene-nachrichten.de\/wp-content\/uploads\/2008\/12\/081211_HJK_001.thumbnail.jpg\" alt=\"081211_HJK_001.jpg\" width=\"265\" \/><\/a> <a title=\"Foto: Max Colin Heydenreich\" rel=\"lightbox[roadtrip]\" href=\"http:\/\/www.schoene-nachrichten.de\/wp-content\/uploads\/2008\/12\/081211_HJK_002.jpg\" target=\"_blank\"><img decoding=\"async\" src=\"http:\/\/www.schoene-nachrichten.de\/wp-content\/uploads\/2008\/12\/081211_HJK_002.thumbnail.jpg\" alt=\"081211_HJK_002.jpg\" width=\"265\" \/><\/a><\/p>\n<p><a title=\"Foto: Max Colin Heydenreich\" rel=\"lightbox[roadtrip]\" href=\"http:\/\/www.schoene-nachrichten.de\/wp-content\/uploads\/2008\/12\/081211_HJK_003.jpg\" target=\"_blank\"><img decoding=\"async\" src=\"http:\/\/www.schoene-nachrichten.de\/wp-content\/uploads\/2008\/12\/081211_HJK_003.thumbnail.jpg\" alt=\"081211_HJK_003.jpg\" width=\"265\" \/><\/a> <a title=\"Foto: Max Colin Heydenreich\" rel=\"lightbox[roadtrip]\" href=\"http:\/\/www.schoene-nachrichten.de\/wp-content\/uploads\/2008\/12\/081211_HJK_004.jpg\" target=\"_blank\"><img decoding=\"async\" src=\"http:\/\/www.schoene-nachrichten.de\/wp-content\/uploads\/2008\/12\/081211_HJK_004.thumbnail.jpg\" alt=\"081211_HJK_004.jpg\" width=\"265\" \/><\/a><\/p>\n<p><a title=\"Foto: Max Colin Heydenreich\" rel=\"lightbox[roadtrip]\" href=\"http:\/\/www.schoene-nachrichten.de\/wp-content\/uploads\/2008\/12\/081211_HJK_005.jpg\" target=\"_blank\"><img decoding=\"async\" src=\"http:\/\/www.schoene-nachrichten.de\/wp-content\/uploads\/2008\/12\/081211_HJK_005.thumbnail.jpg\" alt=\"081211_HJK_005.jpg\" width=\"265\" \/><\/a> <a title=\"Foto: Max Colin Heydenreich\" rel=\"lightbox[roadtrip]\" href=\"http:\/\/www.schoene-nachrichten.de\/wp-content\/uploads\/2008\/12\/081211_HJK_006.jpg\" target=\"_blank\"><img decoding=\"async\" src=\"http:\/\/www.schoene-nachrichten.de\/wp-content\/uploads\/2008\/12\/081211_HJK_006.thumbnail.jpg\" alt=\"081211_HJK_006.jpg\" width=\"265\" \/><\/a><\/p>\n<p><a title=\"Foto: Max Colin Heydenreich\" rel=\"lightbox[roadtrip]\" href=\"http:\/\/www.schoene-nachrichten.de\/wp-content\/uploads\/2008\/12\/081211_HJK_007.jpg\" target=\"_blank\"><img decoding=\"async\" src=\"http:\/\/www.schoene-nachrichten.de\/wp-content\/uploads\/2008\/12\/081211_HJK_007.thumbnail.jpg\" alt=\"081211_HJK_007.jpg\" width=\"265\" \/><\/a> <a title=\"Foto: Max Colin Heydenreich\" rel=\"lightbox[roadtrip]\" href=\"http:\/\/www.schoene-nachrichten.de\/wp-content\/uploads\/2008\/12\/081211_HJK_008.jpg\" target=\"_blank\"><img decoding=\"async\" src=\"http:\/\/www.schoene-nachrichten.de\/wp-content\/uploads\/2008\/12\/081211_HJK_008.thumbnail.jpg\" alt=\"081211_HJK_008.jpg\" width=\"265\" \/><\/a><\/p>\n<p><a title=\"Foto: Max Colin Heydenreich\" rel=\"lightbox[roadtrip]\" href=\"http:\/\/www.schoene-nachrichten.de\/wp-content\/uploads\/2008\/12\/081211_HJK_009.jpg\" target=\"_blank\"><img decoding=\"async\" src=\"http:\/\/www.schoene-nachrichten.de\/wp-content\/uploads\/2008\/12\/081211_HJK_009.thumbnail.jpg\" alt=\"081211_HJK_009.jpg\" width=\"265\" \/><\/a> <a title=\"Foto: Max Colin Heydenreich\" rel=\"lightbox[roadtrip]\" href=\"http:\/\/www.schoene-nachrichten.de\/wp-content\/uploads\/2008\/12\/081211_HJK_010.jpg\" target=\"_blank\"><img decoding=\"async\" src=\"http:\/\/www.schoene-nachrichten.de\/wp-content\/uploads\/2008\/12\/081211_HJK_010.thumbnail.jpg\" alt=\"081211_HJK_010.jpg\" width=\"265\" \/><\/a><\/p>\n<p><a title=\"Foto: Max Colin Heydenreich\" rel=\"lightbox[roadtrip]\" href=\"http:\/\/www.schoene-nachrichten.de\/wp-content\/uploads\/2008\/12\/081211_HJK_011.jpg\" target=\"_blank\"><img decoding=\"async\" src=\"http:\/\/www.schoene-nachrichten.de\/wp-content\/uploads\/2008\/12\/081211_HJK_011.thumbnail.jpg\" alt=\"081211_HJK_011.jpg\" width=\"265\" \/><\/a> <a title=\"Foto: Max Colin Heydenreich\" rel=\"lightbox[roadtrip]\" href=\"http:\/\/www.schoene-nachrichten.de\/wp-content\/uploads\/2008\/12\/081211_HJK_012.jpg\" target=\"_blank\"><img decoding=\"async\" src=\"http:\/\/www.schoene-nachrichten.de\/wp-content\/uploads\/2008\/12\/081211_HJK_012.thumbnail.jpg\" alt=\"081211_HJK_012.jpg\" width=\"265\" \/><\/a><\/p>\n<p><a title=\"Foto: Max Colin Heydenreich\" rel=\"lightbox[roadtrip]\" href=\"http:\/\/www.schoene-nachrichten.de\/wp-content\/uploads\/2008\/12\/081211_HJK_015.jpg\" target=\"_blank\"><img decoding=\"async\" src=\"http:\/\/www.schoene-nachrichten.de\/wp-content\/uploads\/2008\/12\/081211_HJK_015.thumbnail.jpg\" alt=\"081211_HJK_015.jpg\" width=\"265\" \/><\/a> <a title=\"Foto: Max Colin Heydenreich\" rel=\"lightbox[roadtrip]\" href=\"http:\/\/www.schoene-nachrichten.de\/wp-content\/uploads\/2008\/12\/081211_HJK_016.jpg\" target=\"_blank\"><img decoding=\"async\" src=\"http:\/\/www.schoene-nachrichten.de\/wp-content\/uploads\/2008\/12\/081211_HJK_016.thumbnail.jpg\" alt=\"081211_HJK_016.jpg\" width=\"265\" \/><\/a><\/p>\n<p><a title=\"Foto: Max Colin Heydenreich\" rel=\"lightbox[roadtrip]\" href=\"http:\/\/www.schoene-nachrichten.de\/wp-content\/uploads\/2008\/12\/081211_HJK_019.jpg\" target=\"_blank\"><img decoding=\"async\" src=\"http:\/\/www.schoene-nachrichten.de\/wp-content\/uploads\/2008\/12\/081211_HJK_019.thumbnail.jpg\" alt=\"081211_HJK_019.jpg\" width=\"265\" \/><\/a> <a title=\"Foto: Max Colin Heydenreich\" rel=\"lightbox[roadtrip]\" href=\"http:\/\/www.schoene-nachrichten.de\/wp-content\/uploads\/2008\/12\/081211_HJK_020.jpg\" target=\"_blank\"><img decoding=\"async\" src=\"http:\/\/www.schoene-nachrichten.de\/wp-content\/uploads\/2008\/12\/081211_HJK_020.thumbnail.jpg\" alt=\"081211_HJK_020.jpg\" width=\"265\" \/><\/a><\/p>\n<p><a title=\"Foto: Max Colin Heydenreich\" rel=\"lightbox[roadtrip]\" href=\"http:\/\/www.schoene-nachrichten.de\/wp-content\/uploads\/2008\/12\/081211_HJK_021.jpg\" target=\"_blank\"><img decoding=\"async\" src=\"http:\/\/www.schoene-nachrichten.de\/wp-content\/uploads\/2008\/12\/081211_HJK_021.thumbnail.jpg\" alt=\"081211_HJK_021.jpg\" width=\"265\" \/><\/a> <a title=\"Foto: Max Colin Heydenreich\" rel=\"lightbox[roadtrip]\" href=\"http:\/\/www.schoene-nachrichten.de\/wp-content\/uploads\/2008\/12\/081211_HJK_022.jpg\" target=\"_blank\"><img decoding=\"async\" src=\"http:\/\/www.schoene-nachrichten.de\/wp-content\/uploads\/2008\/12\/081211_HJK_022.thumbnail.jpg\" alt=\"081211_HJK_022.jpg\" width=\"265\" \/><\/a><\/p>\n<p><a title=\"Foto: Max Colin Heydenreich\" rel=\"lightbox[roadtrip]\" href=\"http:\/\/www.schoene-nachrichten.de\/wp-content\/uploads\/2008\/12\/081211_HJK_023.jpg\" target=\"_blank\"><img decoding=\"async\" src=\"http:\/\/www.schoene-nachrichten.de\/wp-content\/uploads\/2008\/12\/081211_HJK_023.thumbnail.jpg\" alt=\"081211_HJK_023.jpg\" width=\"265\" \/><\/a> <a title=\"Foto: Max Colin Heydenreich\" rel=\"lightbox[roadtrip]\" href=\"http:\/\/www.schoene-nachrichten.de\/wp-content\/uploads\/2008\/12\/081211_HJK_024.jpg\" target=\"_blank\"><img decoding=\"async\" src=\"http:\/\/www.schoene-nachrichten.de\/wp-content\/uploads\/2008\/12\/081211_HJK_024.thumbnail.jpg\" alt=\"081211_HJK_024.jpg\" width=\"265\" \/><\/a><\/p>\n<p><a title=\"Foto: Max Colin Heydenreich\" rel=\"lightbox[roadtrip]\" href=\"http:\/\/www.schoene-nachrichten.de\/wp-content\/uploads\/2008\/12\/081211_HJK_014.jpg\" target=\"_blank\"><img decoding=\"async\" src=\"http:\/\/www.schoene-nachrichten.de\/wp-content\/uploads\/2008\/12\/081211_HJK_014.thumbnail.jpg\" alt=\"081211_HJK_014.jpg\" width=\"265\" \/><\/a> <a title=\"Foto: Max Colin Heydenreich\" rel=\"lightbox[roadtrip]\" href=\"http:\/\/www.schoene-nachrichten.de\/wp-content\/uploads\/2008\/12\/081211_HJK_026.jpg\" target=\"_blank\"><img decoding=\"async\" src=\"http:\/\/www.schoene-nachrichten.de\/wp-content\/uploads\/2008\/12\/081211_HJK_026.thumbnail.jpg\" alt=\"081211_HJK_026.jpg\" width=\"265\" \/><\/a><\/p>\n","protected":false},"excerpt":{"rendered":"<div class=\"tmnf_excerpt\"><p>Fulda. Im Juli 2005 unterschrieben die Vorst\u00e4nde des Herz-Jesu-Krankenhauses und des Klinikums Fulda zusammen mit der Hessischen Sozialministerin Silke Lautenschl\u00e4ger und Kommunalpolitikern eine wegweisende Kooperationsvereinbarung, die nicht nur die Zusammenarbeit beider H\u00e4user, sondern auch die Gr\u00fcndung einer gemeinsamen Gesellschaft, der Psychiatrischen Versorungszentrum gGmbH (PVZ), festschrieb. Mit einem Bewilligungsbescheid in H\u00f6he von 19,25 Millionen Euro, der &hellip;<\/p>\n<\/div>","protected":false},"author":1,"featured_media":0,"comment_status":"closed","ping_status":"closed","sticky":false,"template":"","format":"standard","meta":{"footnotes":""},"categories":[1,54,51,78],"tags":[],"class_list":["post-16470","post","type-post","status-publish","format-standard","hentry","category-startseite","category-bildergalerien","category-medizin","category-topthema"],"_links":{"self":[{"href":"https:\/\/www.fuldaernachrichten.de\/index.php?rest_route=\/wp\/v2\/posts\/16470","targetHints":{"allow":["GET"]}}],"collection":[{"href":"https:\/\/www.fuldaernachrichten.de\/index.php?rest_route=\/wp\/v2\/posts"}],"about":[{"href":"https:\/\/www.fuldaernachrichten.de\/index.php?rest_route=\/wp\/v2\/types\/post"}],"author":[{"embeddable":true,"href":"https:\/\/www.fuldaernachrichten.de\/index.php?rest_route=\/wp\/v2\/users\/1"}],"replies":[{"embeddable":true,"href":"https:\/\/www.fuldaernachrichten.de\/index.php?rest_route=%2Fwp%2Fv2%2Fcomments&post=16470"}],"version-history":[{"count":16,"href":"https:\/\/www.fuldaernachrichten.de\/index.php?rest_route=\/wp\/v2\/posts\/16470\/revisions"}],"predecessor-version":[{"id":16550,"href":"https:\/\/www.fuldaernachrichten.de\/index.php?rest_route=\/wp\/v2\/posts\/16470\/revisions\/16550"}],"wp:attachment":[{"href":"https:\/\/www.fuldaernachrichten.de\/index.php?rest_route=%2Fwp%2Fv2%2Fmedia&parent=16470"}],"wp:term":[{"taxonomy":"category","embeddable":true,"href":"https:\/\/www.fuldaernachrichten.de\/index.php?rest_route=%2Fwp%2Fv2%2Fcategories&post=16470"},{"taxonomy":"post_tag","embeddable":true,"href":"https:\/\/www.fuldaernachrichten.de\/index.php?rest_route=%2Fwp%2Fv2%2Ftags&post=16470"}],"curies":[{"name":"wp","href":"https:\/\/api.w.org\/{rel}","templated":true}]}}