{"id":164697,"date":"2017-06-21T06:52:03","date_gmt":"2017-06-21T04:52:03","guid":{"rendered":"http:\/\/www.fuldaer-nachrichten.de\/?p=164697"},"modified":"2017-06-21T06:52:03","modified_gmt":"2017-06-21T04:52:03","slug":"diskussionsveranstaltung-mit-der-europa-abgeordneten-ska-keller","status":"publish","type":"post","link":"https:\/\/www.fuldaernachrichten.de\/?p=164697","title":{"rendered":"Diskussionsveranstaltung mit der Europa-Abgeordneten Ska Keller"},"content":{"rendered":"<p>Am Samstag, 24. Juni 2017 um 17:30 Uhr, l\u00e4dt der Kreisverband Fulda von B\u00fcndnis 90 \/ Die Gr\u00fcnen zu einer Diskussionsveranstaltung mit der Europa-Abgeordneten Ska Keller ins Ladencaf\u00e9 Antonius am Severiberg 1 in Fulda ein.<\/p>\n<p>Unter dem Titel: \u201eEurop\u00e4ische Fl\u00fcchtlingspolitik zwischen Ausgrenzung und Integration\u201c sprechen mit der gr\u00fcnen Europaabgeordneten die Schulleiterin der Richard-M\u00fcller-Schule, Frau Claudia H\u00fcmmler-Hille, der Integrationsbeauftragte und Dozent f\u00fcr interkulturelles Lernen Dr. Larbi Tajani und Dr. Reinhardt Asche von amnesty international. Die Moderation \u00fcbernimmt Prof. Dr. Thomas G\u00f6ller.<\/p>\n<p>Aktueller Anlass f\u00fcr die Veranstaltung ist die Tatsache, dass auch in Fulda Fl\u00fcchtlinge, die aus Afghanistan stammen, Abschiebe Bescheide bekommen haben, was zu gro\u00dfer Unsicherheit und Angst bei den Betroffenen gef\u00fchrt hat.<\/p>\n<p>Beleuchtet werden soll der unterschiedliche Umgang mit Fl\u00fcchtlingen in Europa. Einige L\u00e4nder, wie Polen, Ungarn und Tschechien betreiben eine Fl\u00fcchtlingspolitik, die sogar den europ\u00e4ischen Verpflichtungen dieser L\u00e4nder so sehr widerspricht, dass die EU ein Vertragsverletzungsverfahren eingeleitet hat. In der Bundesrepublik schwankt die offizielle Politik von gro\u00dfer Offenheit bis zu wachsender Abgrenzung, wobei hier auch der kommende Bundestagswahlkampf seinen Einfluss gelten machen d\u00fcrfte.<\/p>\n<p>Alle interessierte B\u00fcrgerinnen und B\u00fcrger sind herzlich zu der Veranstaltung eingeladen.<\/p>\n","protected":false},"excerpt":{"rendered":"<div class=\"tmnf_excerpt\"><p>Am Samstag, 24. Juni 2017 um 17:30 Uhr, l\u00e4dt der Kreisverband Fulda von B\u00fcndnis 90 \/ Die Gr\u00fcnen zu einer Diskussionsveranstaltung mit der Europa-Abgeordneten Ska Keller ins Ladencaf\u00e9 Antonius am Severiberg 1 in Fulda ein. Unter dem Titel: \u201eEurop\u00e4ische Fl\u00fcchtlingspolitik zwischen Ausgrenzung und Integration\u201c sprechen mit der gr\u00fcnen Europaabgeordneten die Schulleiterin der Richard-M\u00fcller-Schule, Frau Claudia &hellip;<\/p>\n<\/div>","protected":false},"author":1,"featured_media":0,"comment_status":"closed","ping_status":"closed","sticky":false,"template":"","format":"standard","meta":{"footnotes":""},"categories":[1],"tags":[],"class_list":["post-164697","post","type-post","status-publish","format-standard","hentry","category-startseite"],"_links":{"self":[{"href":"https:\/\/www.fuldaernachrichten.de\/index.php?rest_route=\/wp\/v2\/posts\/164697","targetHints":{"allow":["GET"]}}],"collection":[{"href":"https:\/\/www.fuldaernachrichten.de\/index.php?rest_route=\/wp\/v2\/posts"}],"about":[{"href":"https:\/\/www.fuldaernachrichten.de\/index.php?rest_route=\/wp\/v2\/types\/post"}],"author":[{"embeddable":true,"href":"https:\/\/www.fuldaernachrichten.de\/index.php?rest_route=\/wp\/v2\/users\/1"}],"replies":[{"embeddable":true,"href":"https:\/\/www.fuldaernachrichten.de\/index.php?rest_route=%2Fwp%2Fv2%2Fcomments&post=164697"}],"version-history":[{"count":1,"href":"https:\/\/www.fuldaernachrichten.de\/index.php?rest_route=\/wp\/v2\/posts\/164697\/revisions"}],"predecessor-version":[{"id":164707,"href":"https:\/\/www.fuldaernachrichten.de\/index.php?rest_route=\/wp\/v2\/posts\/164697\/revisions\/164707"}],"wp:attachment":[{"href":"https:\/\/www.fuldaernachrichten.de\/index.php?rest_route=%2Fwp%2Fv2%2Fmedia&parent=164697"}],"wp:term":[{"taxonomy":"category","embeddable":true,"href":"https:\/\/www.fuldaernachrichten.de\/index.php?rest_route=%2Fwp%2Fv2%2Fcategories&post=164697"},{"taxonomy":"post_tag","embeddable":true,"href":"https:\/\/www.fuldaernachrichten.de\/index.php?rest_route=%2Fwp%2Fv2%2Ftags&post=164697"}],"curies":[{"name":"wp","href":"https:\/\/api.w.org\/{rel}","templated":true}]}}