{"id":164691,"date":"2017-06-21T06:50:36","date_gmt":"2017-06-21T04:50:36","guid":{"rendered":"http:\/\/www.fuldaer-nachrichten.de\/?p=164691"},"modified":"2017-06-21T06:51:22","modified_gmt":"2017-06-21T04:51:22","slug":"staendiger-rat-der-deutschen-bischofskonferenz-trifft-bundespraesident-steinmeier","status":"publish","type":"post","link":"https:\/\/www.fuldaernachrichten.de\/?p=164691","title":{"rendered":"St\u00e4ndiger Rat der Deutschen Bischofskonferenz trifft Bundespr\u00e4sident Steinmeier"},"content":{"rendered":"<p>A<a href=\"http:\/\/www.fuldaer-nachrichten.de\/wp-content\/uploads\/2017\/06\/IMG_5973.jpg\"><img fetchpriority=\"high\" decoding=\"async\" src=\"http:\/\/www.fuldaer-nachrichten.de\/wp-content\/uploads\/2017\/06\/IMG_5973-265x199.jpg\" alt=\"\" width=\"265\" height=\"199\" class=\"alignleft size-thumbnail wp-image-164702\" srcset=\"https:\/\/www.fuldaernachrichten.de\/wp-content\/uploads\/2017\/06\/IMG_5973-265x199.jpg 265w, https:\/\/www.fuldaernachrichten.de\/wp-content\/uploads\/2017\/06\/IMG_5973-768x576.jpg 768w, https:\/\/www.fuldaernachrichten.de\/wp-content\/uploads\/2017\/06\/IMG_5973-600x450.jpg 600w, https:\/\/www.fuldaernachrichten.de\/wp-content\/uploads\/2017\/06\/IMG_5973.jpg 900w\" sizes=\"(max-width: 265px) 100vw, 265px\" \/><\/a>nl\u00e4sslich seiner Sitzung in Berlin ist der St\u00e4ndige Rat der Deutschen Bischofskonferenz am Montag, 19. Juni, mit Bundespr\u00e4sident Frank-Walter Steinmeier zusammengetroffen. Der Bundespr\u00e4sident empfing die Delegation der 27 Di\u00f6zesanbisch\u00f6fe unter Leitung des Vorsitzenden der Deutschen Bischofskonferenz, Kardinal Reinhard Marx, in Schloss Bellevue.<\/p>\n<p>In dem eineinhalbst\u00fcndigen Gespr\u00e4ch, das von gro\u00dfer Wertsch\u00e4tzung und gegenseitigem Vertrauen gepr\u00e4gt war und das es in dieser Form bisher nicht gegeben hatte, ging es um aktuelle Fragen des gesellschaftlichen Zusammenhalts und um die Vielfalt der Religionen und Weltanschauungsgemeinschaften im s\u00e4kularen Staat. Weitere Themen waren die \u00d6kumene, die europ\u00e4ische Einigung, weltkirchliche Aktivit\u00e4ten sowie die Palliativ- und Hospizarbeit.<\/p>\n<p>Mit Blick auf die Herausforderungen, denen sich der Staat ebenso wie die Kirche gegen\u00fcbersieht, hob der Bundespr\u00e4sident insbesondere das vielf\u00e4ltige ehrenamtliche Engagement von Christen hervor.<\/p>\n","protected":false},"excerpt":{"rendered":"<div class=\"tmnf_excerpt\"><p>Anl\u00e4sslich seiner Sitzung in Berlin ist der St\u00e4ndige Rat der Deutschen Bischofskonferenz am Montag, 19. Juni, mit Bundespr\u00e4sident Frank-Walter Steinmeier zusammengetroffen. Der Bundespr\u00e4sident empfing die Delegation der 27 Di\u00f6zesanbisch\u00f6fe unter Leitung des Vorsitzenden der Deutschen Bischofskonferenz, Kardinal Reinhard Marx, in Schloss Bellevue. In dem eineinhalbst\u00fcndigen Gespr\u00e4ch, das von gro\u00dfer Wertsch\u00e4tzung und gegenseitigem Vertrauen gepr\u00e4gt war &hellip;<\/p>\n<\/div>","protected":false},"author":1,"featured_media":164703,"comment_status":"closed","ping_status":"closed","sticky":false,"template":"","format":"standard","meta":{"footnotes":""},"categories":[1],"tags":[],"class_list":["post-164691","post","type-post","status-publish","format-standard","has-post-thumbnail","hentry","category-startseite"],"_links":{"self":[{"href":"https:\/\/www.fuldaernachrichten.de\/index.php?rest_route=\/wp\/v2\/posts\/164691","targetHints":{"allow":["GET"]}}],"collection":[{"href":"https:\/\/www.fuldaernachrichten.de\/index.php?rest_route=\/wp\/v2\/posts"}],"about":[{"href":"https:\/\/www.fuldaernachrichten.de\/index.php?rest_route=\/wp\/v2\/types\/post"}],"author":[{"embeddable":true,"href":"https:\/\/www.fuldaernachrichten.de\/index.php?rest_route=\/wp\/v2\/users\/1"}],"replies":[{"embeddable":true,"href":"https:\/\/www.fuldaernachrichten.de\/index.php?rest_route=%2Fwp%2Fv2%2Fcomments&post=164691"}],"version-history":[{"count":2,"href":"https:\/\/www.fuldaernachrichten.de\/index.php?rest_route=\/wp\/v2\/posts\/164691\/revisions"}],"predecessor-version":[{"id":164704,"href":"https:\/\/www.fuldaernachrichten.de\/index.php?rest_route=\/wp\/v2\/posts\/164691\/revisions\/164704"}],"wp:featuredmedia":[{"embeddable":true,"href":"https:\/\/www.fuldaernachrichten.de\/index.php?rest_route=\/wp\/v2\/media\/164703"}],"wp:attachment":[{"href":"https:\/\/www.fuldaernachrichten.de\/index.php?rest_route=%2Fwp%2Fv2%2Fmedia&parent=164691"}],"wp:term":[{"taxonomy":"category","embeddable":true,"href":"https:\/\/www.fuldaernachrichten.de\/index.php?rest_route=%2Fwp%2Fv2%2Fcategories&post=164691"},{"taxonomy":"post_tag","embeddable":true,"href":"https:\/\/www.fuldaernachrichten.de\/index.php?rest_route=%2Fwp%2Fv2%2Ftags&post=164691"}],"curies":[{"name":"wp","href":"https:\/\/api.w.org\/{rel}","templated":true}]}}