{"id":164690,"date":"2017-06-21T06:50:20","date_gmt":"2017-06-21T04:50:20","guid":{"rendered":"http:\/\/www.fuldaer-nachrichten.de\/?p=164690"},"modified":"2017-06-21T06:50:20","modified_gmt":"2017-06-21T04:50:20","slug":"koreanische-foerster-informieren-sich-bei-hessenforst-ueber-moderne-forstwirtschaft","status":"publish","type":"post","link":"https:\/\/www.fuldaernachrichten.de\/?p=164690","title":{"rendered":"Koreanische F\u00f6rster informieren sich bei HessenForst  \u00fcber moderne Forstwirtschaft"},"content":{"rendered":"<p><strong>Eine koreanische Forst-Delegation besuchte am 20. Juni den Landesbetrieb, um von den Erfahrungen der hessischen Forstleute zu lernen. Im Mittelpunkt des Austauschs stand der Kampf gegen den Klimawandel: Wie kann CO<sub>2<\/sub> im Wald sowie im Holzbau am besten gespeichert werden? Wie k\u00f6nnen wir unseren Wald fit machen f\u00fcr die Klimabedingungen, die in 100 Jahren herrschen werden? Der Besuch ist der aktuelle Baustein einer jahrzehntelangen Zusammenarbeit.<\/strong><\/p>\n<p>HessenForst engagiert sich seit Jahrzehnten weltweit f\u00fcr den Erhalt und die nachhaltige Pflege von W\u00e4ldern \u2013 auch in Korea. Bereits von 1976 bis 1993 arbeiteten die hessische und koreanische Forstverwaltung gemeinsam intensiv an einem Waldbewirtschaftungs-Projekt. Weitere Austausche folgten. \u201eDie Erfahrungen aus unserem eigenen Betrieb und die jahrzehntelange Auslandserfahrung vieler Kolleginnen und Kollegen ist eine wesentliche Grundlage f\u00fcr die Beratung anderer Forstbetriebe und -Verwaltungen in Partnerl\u00e4ndern\u201c, betonte J\u00f6rg Albrecht, Sachbereichsleiter f\u00fcr Consulting bei HessenForst.<\/p>\n<p>Aktuell stellten die hessischen Forstleute ihren koreanischen Kollegen neue Waldpflege-Konzepte und Erfahrungen im Kampf gegen den Klimawandel vor. Dar\u00fcber hinaus interessierten sich die 20 koreanischen Forstbeamten im Rahmen ihrer Rundreise f\u00fcr die Umweltbildung, die HessenForst jedes Jahr f\u00fcr rund 150.000 Kinder und Jugendliche anbietet, um die Bedeutung des Waldes und auch der Holznutzung zu vermitteln. Die Vereinbarkeit von moderner Waldwirtschaft und Erholung war bei der Veranstaltung mit anschlie\u00dfender Exkursion im Habichtswald ebenfalls ein intensiv diskutiertes Thema. \u201eDer Klimawandel besch\u00e4ftigt uns alle. Die Konzepte von HessenForst sowie die Anregungen der hessischen Forstkollegen sind f\u00fcr uns ausgesprochen motivierend\u201c, res\u00fcmierte Lee Jong Pil, Leiter der Delegation, am Ende der Veranstaltung.<\/p>\n","protected":false},"excerpt":{"rendered":"<div class=\"tmnf_excerpt\"><p>Eine koreanische Forst-Delegation besuchte am 20. Juni den Landesbetrieb, um von den Erfahrungen der hessischen Forstleute zu lernen. Im Mittelpunkt des Austauschs stand der Kampf gegen den Klimawandel: Wie kann CO2 im Wald sowie im Holzbau am besten gespeichert werden? Wie k\u00f6nnen wir unseren Wald fit machen f\u00fcr die Klimabedingungen, die in 100 Jahren herrschen &hellip;<\/p>\n<\/div>","protected":false},"author":1,"featured_media":0,"comment_status":"closed","ping_status":"closed","sticky":false,"template":"","format":"standard","meta":{"footnotes":""},"categories":[1],"tags":[],"class_list":["post-164690","post","type-post","status-publish","format-standard","hentry","category-startseite"],"_links":{"self":[{"href":"https:\/\/www.fuldaernachrichten.de\/index.php?rest_route=\/wp\/v2\/posts\/164690","targetHints":{"allow":["GET"]}}],"collection":[{"href":"https:\/\/www.fuldaernachrichten.de\/index.php?rest_route=\/wp\/v2\/posts"}],"about":[{"href":"https:\/\/www.fuldaernachrichten.de\/index.php?rest_route=\/wp\/v2\/types\/post"}],"author":[{"embeddable":true,"href":"https:\/\/www.fuldaernachrichten.de\/index.php?rest_route=\/wp\/v2\/users\/1"}],"replies":[{"embeddable":true,"href":"https:\/\/www.fuldaernachrichten.de\/index.php?rest_route=%2Fwp%2Fv2%2Fcomments&post=164690"}],"version-history":[{"count":1,"href":"https:\/\/www.fuldaernachrichten.de\/index.php?rest_route=\/wp\/v2\/posts\/164690\/revisions"}],"predecessor-version":[{"id":164700,"href":"https:\/\/www.fuldaernachrichten.de\/index.php?rest_route=\/wp\/v2\/posts\/164690\/revisions\/164700"}],"wp:attachment":[{"href":"https:\/\/www.fuldaernachrichten.de\/index.php?rest_route=%2Fwp%2Fv2%2Fmedia&parent=164690"}],"wp:term":[{"taxonomy":"category","embeddable":true,"href":"https:\/\/www.fuldaernachrichten.de\/index.php?rest_route=%2Fwp%2Fv2%2Fcategories&post=164690"},{"taxonomy":"post_tag","embeddable":true,"href":"https:\/\/www.fuldaernachrichten.de\/index.php?rest_route=%2Fwp%2Fv2%2Ftags&post=164690"}],"curies":[{"name":"wp","href":"https:\/\/api.w.org\/{rel}","templated":true}]}}