{"id":164681,"date":"2017-06-20T07:32:02","date_gmt":"2017-06-20T05:32:02","guid":{"rendered":"http:\/\/www.fuldaer-nachrichten.de\/?p=164681"},"modified":"2017-06-20T07:32:02","modified_gmt":"2017-06-20T05:32:02","slug":"pharmazeutisch-kaufmaennische-angestellte-sichern-die-wirtschaftlichkeit-der-apotheken-10-pkas-der-eduard-stieler-schule-verabschiedet","status":"publish","type":"post","link":"https:\/\/www.fuldaernachrichten.de\/?p=164681","title":{"rendered":"\u201ePharmazeutisch-kaufm\u00e4nnische Angestellte sichern die Wirtschaftlichkeit der Apotheken\u201c -10 PKA\u00e2\u20ac\u2122s der Eduard-Stieler-Schule verabschiedet"},"content":{"rendered":"<p>Mit \u201eSie haben die Ausbildung begonnen, drei Jahre durchgehalten und beendet\u201c -begl\u00fcckw\u00fcnschte Christof G\u00fcnther, als Vertreter der Apotheken, die 10 jungen Pharmazeutisch-kaufm\u00e4nnischen Angestellten zu ihrer bestandenen Pr\u00fcfung, in den R\u00e4umlichkeiten \u00fcber der B\u00e4renapotheke.<\/p>\n<p>G\u00fcnther, Inhaber der L\u00f6wen- und B\u00e4ren-Apotheke, hatte die jungen Frauen wie auch ihre Lehrkr\u00e4fte und die Abteilungsleiterin in festlich geschm\u00fcckte R\u00e4ume -gegen\u00fcber der Stadtpfarrkirche, \u00fcber seiner Apotheke- zu einer<br \/>\nfeierlichen Verabschiedungsfeier eingeladen.<br \/>\nEr erinnerte, dass der Beginn der Ausbildung f\u00fcr die eine oder andere Aus-zubildende sicherlich nicht einfach war. \u201eEin strenger Apotheker, unbekannte<br \/>\nRezepturen, Fachbegriffe in Latein -das war bis heute ein bestimmt harter Weg\u201c. F\u00fcr den Apotheker ist die PKA eine wichtige St\u00fctze der Apotheken. \u201eSie \u00fcbernimmt oft die Telefonkommunikation und damit ein hohes Ma\u00df an Verantwortung, Auftr\u00e4ge d\u00fcrfen nicht vergessen werden und die Pr\u00e4zision bei Terminen ist von der PKA verl\u00e4sslich einzuhalten\u201c. Christof G\u00fcnther berichtete, dass als einmal die PKA in seiner Apotheke krank war -er durchaus vor gro\u00dfen Problemen stand. \u201eWarensendungen &#8211; an Hand des Handbuchs- zu strukturieren, richtig zuzuordnen ist f\u00fcr den Ablauf einer Apotheke sehr wichtig\u201c. Zum Abschluss w\u00fcnschte er den jungen Frauen, dass sie Freude daran haben \u00e2\u20ac\u0161am Gelingen der Apotheken weiter ma\u00dfgeblich beteiligt zu sein\u00e2\u20ac\u02dc.<\/p>\n<p>\u201eIn einer Zeit, wo Zukunft weitaus weniger vorhersehbar ist, als noch vor einigen Jahren\u201c gratulierte Abteilungsleiterin Angelika Bott-Werner den Pharmazeutisch-kaufm\u00e4nnischen Angestellten zu ihren sehr guten und guten Ergebnissen der Pr\u00fcfung am Tag zuvor. \u201eEin wichtiger Abschnitt in Ihrem Leben wurde von Ihnen erreicht, worauf Sie aufbauen k\u00f6nnen und der eine gute Basis f\u00fcr folgende Fort- und Weiterbildungen ist\u201c\u00c2\u00a0 Da Studien prognostizieren, dass ein Mensch durchaus zwei oder drei unterschiedliche Berufe in seinem Arbeitsleben aus\u00fcbt, sind weitere Qualifikationen anzustreben. Bei der PKA bietet sich eine 2 1\/2 j\u00e4hrige PTA-Ausbildung an, der Beruf der Kosmetikerin oder bei einem, Abitur, FOS-Abschluss, auch eine Studium der Pharmazie oder Ern\u00e4hrungswissenschaften.<br \/>\nAuf dem Hintergrund von Kriegen, Terroranschl\u00e4gen -weltweit, aber auch in<br \/>\nLondon, Paris und Berlin- forderte die Studiendirektorin die jungen Frauen -mit einem Zitat von Barack Obama- auf: \u201eJetzt ist die Zeit neue Br\u00fccken zu bauen und mutig den direkten Kontakt zu Menschen -egal welcher Hautfarbe und Nationalit\u00e4t- zu suchen, um sich an dem Ziel einer friedlichen Welt zu beteiligen\u201c.<\/p>\n<p>Zu Beginn der feierlichen \u00dcberreichung der Zeugnisse durch die Klassen-<br \/>\nlehrerin Petra Mengling-Schmidt, Studienrat Boris Krieg und Christian Riehl<br \/>\nlobte die Klassenlehrerin die ehemaligen Sch\u00fclerinnen \u00e2\u20ac\u0161als positiv lebhaft,<br \/>\nengagiert und bei der Durchf\u00fchrung von unterschiedlichen Projekten, Studienfahrten immer sehr interessiert.\u201c Unter anderem besuchte die Klasse einen Gro\u00dfhandel und die PTA-Schule in W\u00fcrzburg, die Braun Melsungen AG, ein deutsches Pharma- und Medizin-Unternehmen mit Sitz in in Melsungen und die Apotheke des Klinikums Fulda. Eine Inkontinenz-Fortbildung fand ebenso statt wie Marketingaktionen am \u00e2\u20ac\u0161Tag der offenen T\u00fcr\u00e2\u20ac\u02dc in der Eduard-Stieler-Schule, wo Lippenstifte hergestellt wurden und die Kosmetikberatung der PKA\u00e2\u20ac\u2122s ein Highlight f\u00fcr die Sch\u00fclerinnen der Schule war.<br \/>\nIm Rahmen des Lernfelds 6 &gt;Sortiment gestalten und Waren pra\u00cc\u02c6sentieren\u201c<br \/>\nr\u00e4umten die Auszubildenden \u00e2\u20ac\u0161ganz praktisch\u00e2\u20ac\u2122 in der B\u00e4renapotheke ein Regal -mit gro\u00dfem Ideenreichtum- ein.<br \/>\nMit einer Rose und der Aufforderung: \u201eSeid offen f\u00fcr Neues\u201c gratulierte Boris<br \/>\nKrieg den jungen Frau und \u00fcberreichte mit der Klassenlehrerin und Christian Riehl die Zeugnisse.<\/p>\n<p>Stella D\u00e4nner bedankte sich als Klassensprecherin f\u00fcr das \u00e2\u20ac\u0161sehr weitgehende schulische Engagement\u00e2\u20ac\u02dc der Lehrer und \u00fcberreichte Klassenlehrerin Mengling-Schmidt zum Dank einen gro\u00dfen Blumenstrau\u00df.<\/p>\n<p>Eingeladen von Herrn G\u00fcnther feierten alle Anwesenden -mit einem Glas Sekt- den erfolgreichen Abschluss der PKA\u00e2\u20ac\u2122S 2017. Anschlie\u00dfend trafen<br \/>\nsich Sch\u00fclerinnen, der Apothekenvertreter und die P\u00e4dagogen noch zu einem gemeinsamen Abendessen in der Pizzeria -gleich nebenan.<\/p>\n","protected":false},"excerpt":{"rendered":"<div class=\"tmnf_excerpt\"><p>Mit \u201eSie haben die Ausbildung begonnen, drei Jahre durchgehalten und beendet\u201c -begl\u00fcckw\u00fcnschte Christof G\u00fcnther, als Vertreter der Apotheken, die 10 jungen Pharmazeutisch-kaufm\u00e4nnischen Angestellten zu ihrer bestandenen Pr\u00fcfung, in den R\u00e4umlichkeiten \u00fcber der B\u00e4renapotheke. G\u00fcnther, Inhaber der L\u00f6wen- und B\u00e4ren-Apotheke, hatte die jungen Frauen wie auch ihre Lehrkr\u00e4fte und die Abteilungsleiterin in festlich geschm\u00fcckte R\u00e4ume -gegen\u00fcber &hellip;<\/p>\n<\/div>","protected":false},"author":1,"featured_media":164682,"comment_status":"closed","ping_status":"closed","sticky":false,"template":"","format":"standard","meta":{"footnotes":""},"categories":[1],"tags":[],"class_list":["post-164681","post","type-post","status-publish","format-standard","has-post-thumbnail","hentry","category-startseite"],"_links":{"self":[{"href":"https:\/\/www.fuldaernachrichten.de\/index.php?rest_route=\/wp\/v2\/posts\/164681","targetHints":{"allow":["GET"]}}],"collection":[{"href":"https:\/\/www.fuldaernachrichten.de\/index.php?rest_route=\/wp\/v2\/posts"}],"about":[{"href":"https:\/\/www.fuldaernachrichten.de\/index.php?rest_route=\/wp\/v2\/types\/post"}],"author":[{"embeddable":true,"href":"https:\/\/www.fuldaernachrichten.de\/index.php?rest_route=\/wp\/v2\/users\/1"}],"replies":[{"embeddable":true,"href":"https:\/\/www.fuldaernachrichten.de\/index.php?rest_route=%2Fwp%2Fv2%2Fcomments&post=164681"}],"version-history":[{"count":1,"href":"https:\/\/www.fuldaernachrichten.de\/index.php?rest_route=\/wp\/v2\/posts\/164681\/revisions"}],"predecessor-version":[{"id":164683,"href":"https:\/\/www.fuldaernachrichten.de\/index.php?rest_route=\/wp\/v2\/posts\/164681\/revisions\/164683"}],"wp:featuredmedia":[{"embeddable":true,"href":"https:\/\/www.fuldaernachrichten.de\/index.php?rest_route=\/wp\/v2\/media\/164682"}],"wp:attachment":[{"href":"https:\/\/www.fuldaernachrichten.de\/index.php?rest_route=%2Fwp%2Fv2%2Fmedia&parent=164681"}],"wp:term":[{"taxonomy":"category","embeddable":true,"href":"https:\/\/www.fuldaernachrichten.de\/index.php?rest_route=%2Fwp%2Fv2%2Fcategories&post=164681"},{"taxonomy":"post_tag","embeddable":true,"href":"https:\/\/www.fuldaernachrichten.de\/index.php?rest_route=%2Fwp%2Fv2%2Ftags&post=164681"}],"curies":[{"name":"wp","href":"https:\/\/api.w.org\/{rel}","templated":true}]}}