{"id":164668,"date":"2017-06-20T07:32:15","date_gmt":"2017-06-20T05:32:15","guid":{"rendered":"http:\/\/www.fuldaer-nachrichten.de\/?p=164668"},"modified":"2017-06-20T07:32:15","modified_gmt":"2017-06-20T05:32:15","slug":"eduard-stieler-schueler-beim-supermarktcheck","status":"publish","type":"post","link":"https:\/\/www.fuldaernachrichten.de\/?p=164668","title":{"rendered":"Eduard-Stieler-Sch\u00fcler beim Supermarktcheck"},"content":{"rendered":"<p>Zwischen dem 24. Mai und dem 12. Juni diesen Jahres analysierten Sch\u00fclerinnen und Sch\u00fcler zweier Kurse des Beruflichen Gymnasiums der Eduard-Stieler-Schule aus den Bereichen Ern\u00e4hrungslehre und Gesundheit die Dimensionen der Nachhaltigkeit bei lokalen Lebensmittelh\u00e4ndlern mit Hilfe einer Produkt- und Unternehmensuntersuchung.<br \/>\nDas Konzept der Nachhaltigkeit basiert auf der \u00f6konomischen Dimension, die das langfristige Wachstum und die Erhaltung der endlichen Ressourcen im Fokus hat. Ziel der \u00f6kologischen Dimension ist es, Naturkapital und endliche Ressourcen zu erhalten. Die soziale Dimension schlie\u00dflich definiert die gerechte Verteilung von Chancen und Ressourcen in der Gesellschaft.<\/p>\n<p>Insgesamt acht hiesige M\u00e4rkte wurden nach der theoretischen Vorbereitung besucht und unter den Kriterien Unternehmensf\u00fchrung, angebotene Produkte sowie hinsichtlich ihres Standortes \u00fcberpr\u00fcft. Gefragt wurde bei diesem Projekt unter anderem nach Inhabern, Geh\u00e4ltern und Arbeitsbedingungen, aber auch Produktklassen, Regionalit\u00e4t Saisonalit\u00e4t und Verpackungen wurden untersucht. Schlie\u00dflich wurde noch auf Umweltbelastung, Energieverbrauch und den Umgang mit abgelaufenen Lebensmitteln geachtet.<\/p>\n<p>Der gesamte Arbeitsprozess wurde von den angehenden Abiturienten selbstst\u00e4ndig geplant, anschlie\u00dfend pr\u00e4sentiert und die Ergebnisse \u2013 die keinen Anspruch auf Vollst\u00e4ndigkeit erheben &#8211; in einer Brosch\u00fcre festgehalten. Letztendlich f\u00fchrte das Projekt dazu, dass die Teilnehmer nach den etwas mehr als zwei Wochen intensiver Auseinandersetzung mit dem Thema ihr eigenes Konsumverhalten kritisch bewerteten.<\/p>\n<p>Begleitet wurde das Projekt im Rahmen des Unterrichts im Fach Politik und Wirtschaft von den Studienr\u00e4ten Julia Pappert und Andr\u00e9 Beyer sowie der Lehrkraft im Vorbereitungsdienst Sebastian Winkler.<\/p>\n<p>Die Brosch\u00fcre mit den Ergebnissen des Projekts kann demn\u00e4chst unter \u201eAktuelles\u201c auf der Homepage der Eduard-Stieler-Schule eingesehen werden (https:\/\/www.ess-fulda.de\/news.html).<\/p>\n","protected":false},"excerpt":{"rendered":"<div class=\"tmnf_excerpt\"><p>Zwischen dem 24. Mai und dem 12. Juni diesen Jahres analysierten Sch\u00fclerinnen und Sch\u00fcler zweier Kurse des Beruflichen Gymnasiums der Eduard-Stieler-Schule aus den Bereichen Ern\u00e4hrungslehre und Gesundheit die Dimensionen der Nachhaltigkeit bei lokalen Lebensmittelh\u00e4ndlern mit Hilfe einer Produkt- und Unternehmensuntersuchung. Das Konzept der Nachhaltigkeit basiert auf der \u00f6konomischen Dimension, die das langfristige Wachstum und die &hellip;<\/p>\n<\/div>","protected":false},"author":1,"featured_media":0,"comment_status":"closed","ping_status":"closed","sticky":false,"template":"","format":"standard","meta":{"footnotes":""},"categories":[1],"tags":[],"class_list":["post-164668","post","type-post","status-publish","format-standard","hentry","category-startseite"],"_links":{"self":[{"href":"https:\/\/www.fuldaernachrichten.de\/index.php?rest_route=\/wp\/v2\/posts\/164668","targetHints":{"allow":["GET"]}}],"collection":[{"href":"https:\/\/www.fuldaernachrichten.de\/index.php?rest_route=\/wp\/v2\/posts"}],"about":[{"href":"https:\/\/www.fuldaernachrichten.de\/index.php?rest_route=\/wp\/v2\/types\/post"}],"author":[{"embeddable":true,"href":"https:\/\/www.fuldaernachrichten.de\/index.php?rest_route=\/wp\/v2\/users\/1"}],"replies":[{"embeddable":true,"href":"https:\/\/www.fuldaernachrichten.de\/index.php?rest_route=%2Fwp%2Fv2%2Fcomments&post=164668"}],"version-history":[{"count":1,"href":"https:\/\/www.fuldaernachrichten.de\/index.php?rest_route=\/wp\/v2\/posts\/164668\/revisions"}],"predecessor-version":[{"id":164684,"href":"https:\/\/www.fuldaernachrichten.de\/index.php?rest_route=\/wp\/v2\/posts\/164668\/revisions\/164684"}],"wp:attachment":[{"href":"https:\/\/www.fuldaernachrichten.de\/index.php?rest_route=%2Fwp%2Fv2%2Fmedia&parent=164668"}],"wp:term":[{"taxonomy":"category","embeddable":true,"href":"https:\/\/www.fuldaernachrichten.de\/index.php?rest_route=%2Fwp%2Fv2%2Fcategories&post=164668"},{"taxonomy":"post_tag","embeddable":true,"href":"https:\/\/www.fuldaernachrichten.de\/index.php?rest_route=%2Fwp%2Fv2%2Ftags&post=164668"}],"curies":[{"name":"wp","href":"https:\/\/api.w.org\/{rel}","templated":true}]}}