{"id":164650,"date":"2017-06-20T07:28:42","date_gmt":"2017-06-20T05:28:42","guid":{"rendered":"http:\/\/www.fuldaer-nachrichten.de\/?p=164650"},"modified":"2017-06-20T07:28:42","modified_gmt":"2017-06-20T05:28:42","slug":"sommerlaune-pur-mit-allen-sinnen-den-sommer-geniessen","status":"publish","type":"post","link":"https:\/\/www.fuldaernachrichten.de\/?p=164650","title":{"rendered":"Sommerlaune pur &#8211; mit allen Sinnen den Sommer genie\u00dfen."},"content":{"rendered":"<p>Raus in die Natur, und den Sommer genie\u00dfen. Abk\u00fchlung im k\u00fchlen Nass, jetzt kann der Sommer kommen. Sommerlaune f\u00fcr Wanderer, Radfahrer, sowie Genuss-\u00c2\u00a0 und Entspanungssuchende. In der Marktgemeinde Hilders gibt es immer etwas Neues zu entdecken. Diesen Sommer kann die Gemeinde Hilders mit allen Sinnen und ganzheitlich kennengelernt werden. Erholung vom Alltag, Zeit zum Entspannen und aktiv in den Tag starten. In Hilders gibt es neben Wander- und Radwegen, dem Herz-Kreislauf-Park und dem Freizeit- und Erlebnisbad Ulsterwelle vielerlei M\u00f6glichkeiten um dem K\u00f6rper, der sich nach Sonne und Sommerfrische sehnt, neuen Schwung zu geben.<\/p>\n<p>Kneipp, Enstpannung &amp; k\u00fchles Nass<br \/>\nRichtig kneippen, dass es auch mit Mehrwert ist, Spa\u00df und Freude bringt, das ist nicht einfach. Jeder kennt das folgende Ph\u00e4nomen. Das Tretbecken ruft, die F\u00fc\u00dfe dampfen in den Wanderschuhen, es zieht am Schienbein und zwickt in der Wade. Wenn da nur nicht der innere Schweinehund w\u00e4re, der unaufh\u00f6rlich ins Ohr s\u00e4uselt: &#8220;Nee, das ist doch sooo kalt und nicht das du was falsch machst, und ein Handtuch hast Du auch nicht dabei!&#8221; Die Lehre von Sebastian Kneipp und der Wirkung von Tretbecken und Armbecken ist eine Wissenschaft f\u00fcr sich, eines steht aber fest; es erfrischt K\u00f6rper und Geist. Am besten ausprobieren in einem der Tretbecken von Hilders und den Sommer 2017 genie\u00dfen ganz nach dem Motto von Sebastian Kneipp: &#8220;Alles was wir brauchen, um gesund zu bleiben\u00e2\u20ac\u00a8hat uns die Natur reichlich geschenkt.&#8221;<\/p>\n<p>Auch das Erlebnisbad Ulsterwelle bietet eine ideale Abk\u00fchlung. Das erfrischende Au\u00dfenschwimmerbecken mit herrlichem Blick auf Hilders l\u00e4dt zum Eintauchen ein; au\u00dferdem kann das Wohlf\u00fchlangebot des Wellnessbereiches mit Sauna, Solarium und Saunagarten genutzt werden.<\/p>\n<p>Und wer dann noch nach einem sommerlichen Erlebnis- oder Badetag noch den Tag entspannt ausklingen lassen m\u00f6chte, kann dies bei k\u00fchlen Getr\u00e4nken und leckeren Grillwaren in den Bierg\u00e4rten der\u00c2\u00a0 Hilderser Gastronomie oder auf den zahlreichen Dorf- und Vereinsfesten. Auf www.hilders.de und bei der Tourist-Info Hilders, Tel.06681\/960815 kann man sich gezielt \u00fcber die zahlreichen Veranstaltungen informieren.<\/p>\n<p>Tourist-Information Hilders, Kirchstr. 2 \u2013 6, 36115 Hilders<br \/>\nTel: 06681\/960815, Fax:06681\/960825<br \/>\nwww.hilders.de,\u00c2\u00a0 tourist-info@hilders.de<\/p>\n","protected":false},"excerpt":{"rendered":"<div class=\"tmnf_excerpt\"><p>Raus in die Natur, und den Sommer genie\u00dfen. Abk\u00fchlung im k\u00fchlen Nass, jetzt kann der Sommer kommen. Sommerlaune f\u00fcr Wanderer, Radfahrer, sowie Genuss-\u00c2\u00a0 und Entspanungssuchende. In der Marktgemeinde Hilders gibt es immer etwas Neues zu entdecken. Diesen Sommer kann die Gemeinde Hilders mit allen Sinnen und ganzheitlich kennengelernt werden. Erholung vom Alltag, Zeit zum Entspannen &hellip;<\/p>\n<\/div>","protected":false},"author":1,"featured_media":164660,"comment_status":"closed","ping_status":"closed","sticky":false,"template":"","format":"gallery","meta":{"footnotes":""},"categories":[1],"tags":[],"class_list":["post-164650","post","type-post","status-publish","format-gallery","has-post-thumbnail","hentry","category-startseite","post_format-post-format-gallery"],"_links":{"self":[{"href":"https:\/\/www.fuldaernachrichten.de\/index.php?rest_route=\/wp\/v2\/posts\/164650","targetHints":{"allow":["GET"]}}],"collection":[{"href":"https:\/\/www.fuldaernachrichten.de\/index.php?rest_route=\/wp\/v2\/posts"}],"about":[{"href":"https:\/\/www.fuldaernachrichten.de\/index.php?rest_route=\/wp\/v2\/types\/post"}],"author":[{"embeddable":true,"href":"https:\/\/www.fuldaernachrichten.de\/index.php?rest_route=\/wp\/v2\/users\/1"}],"replies":[{"embeddable":true,"href":"https:\/\/www.fuldaernachrichten.de\/index.php?rest_route=%2Fwp%2Fv2%2Fcomments&post=164650"}],"version-history":[{"count":1,"href":"https:\/\/www.fuldaernachrichten.de\/index.php?rest_route=\/wp\/v2\/posts\/164650\/revisions"}],"predecessor-version":[{"id":164666,"href":"https:\/\/www.fuldaernachrichten.de\/index.php?rest_route=\/wp\/v2\/posts\/164650\/revisions\/164666"}],"wp:featuredmedia":[{"embeddable":true,"href":"https:\/\/www.fuldaernachrichten.de\/index.php?rest_route=\/wp\/v2\/media\/164660"}],"wp:attachment":[{"href":"https:\/\/www.fuldaernachrichten.de\/index.php?rest_route=%2Fwp%2Fv2%2Fmedia&parent=164650"}],"wp:term":[{"taxonomy":"category","embeddable":true,"href":"https:\/\/www.fuldaernachrichten.de\/index.php?rest_route=%2Fwp%2Fv2%2Fcategories&post=164650"},{"taxonomy":"post_tag","embeddable":true,"href":"https:\/\/www.fuldaernachrichten.de\/index.php?rest_route=%2Fwp%2Fv2%2Ftags&post=164650"}],"curies":[{"name":"wp","href":"https:\/\/api.w.org\/{rel}","templated":true}]}}