{"id":164646,"date":"2017-06-20T07:26:08","date_gmt":"2017-06-20T05:26:08","guid":{"rendered":"http:\/\/www.fuldaer-nachrichten.de\/?p=164646"},"modified":"2017-06-20T07:26:08","modified_gmt":"2017-06-20T05:26:08","slug":"singlewanderung-durch-die-rhoen","status":"publish","type":"post","link":"https:\/\/www.fuldaernachrichten.de\/?p=164646","title":{"rendered":"Singlewanderung durch die Rh\u00f6n"},"content":{"rendered":"<p>Am Sonntag den 25. Juni 2017 findet eine Singlewanderung zur Milseburg\/Poppenhausen statt. Auf die Wanderer warten herrliche Wege mit wunderch\u00f6nen Ausblicken. Den Alltag hinter sich lassen, eine abwechslungsreiche und gleichzeitig erholsame Zeit erleben. F\u00fcr alle gut gelaunten und netten Singles. Gemeinsam die Rh\u00f6n entdecken, die Natur genie\u00dfen und sich zusammen auf eine gem\u00fctliche Rast mit Rucksackverpflegung freuen. Lassen Sie sich die Sch\u00f6nheiten dieser einzigartigen Landschaft zeigen und erfreuen Sie sich zusammen in einer fr\u00f6hlichen Runde an der Geselligkeit.Die Strecke betr\u00e4gt ca. 10 Km.<\/p>\n<p>Infos unter der Emailadresse: <a href=\"mailto:ich-mach-auch-mit@web.de\">ich-mach-auch-mit@web.de<\/a> oder telefonisch: 0160-64 11 128 und 09771-6371233.<\/p>\n","protected":false},"excerpt":{"rendered":"<div class=\"tmnf_excerpt\"><p>Am Sonntag den 25. Juni 2017 findet eine Singlewanderung zur Milseburg\/Poppenhausen statt. Auf die Wanderer warten herrliche Wege mit wunderch\u00f6nen Ausblicken. Den Alltag hinter sich lassen, eine abwechslungsreiche und gleichzeitig erholsame Zeit erleben. F\u00fcr alle gut gelaunten und netten Singles. Gemeinsam die Rh\u00f6n entdecken, die Natur genie\u00dfen und sich zusammen auf eine gem\u00fctliche Rast mit &hellip;<\/p>\n<\/div>","protected":false},"author":1,"featured_media":0,"comment_status":"closed","ping_status":"closed","sticky":false,"template":"","format":"standard","meta":{"footnotes":""},"categories":[1],"tags":[],"class_list":["post-164646","post","type-post","status-publish","format-standard","hentry","category-startseite"],"_links":{"self":[{"href":"https:\/\/www.fuldaernachrichten.de\/index.php?rest_route=\/wp\/v2\/posts\/164646","targetHints":{"allow":["GET"]}}],"collection":[{"href":"https:\/\/www.fuldaernachrichten.de\/index.php?rest_route=\/wp\/v2\/posts"}],"about":[{"href":"https:\/\/www.fuldaernachrichten.de\/index.php?rest_route=\/wp\/v2\/types\/post"}],"author":[{"embeddable":true,"href":"https:\/\/www.fuldaernachrichten.de\/index.php?rest_route=\/wp\/v2\/users\/1"}],"replies":[{"embeddable":true,"href":"https:\/\/www.fuldaernachrichten.de\/index.php?rest_route=%2Fwp%2Fv2%2Fcomments&post=164646"}],"version-history":[{"count":1,"href":"https:\/\/www.fuldaernachrichten.de\/index.php?rest_route=\/wp\/v2\/posts\/164646\/revisions"}],"predecessor-version":[{"id":164653,"href":"https:\/\/www.fuldaernachrichten.de\/index.php?rest_route=\/wp\/v2\/posts\/164646\/revisions\/164653"}],"wp:attachment":[{"href":"https:\/\/www.fuldaernachrichten.de\/index.php?rest_route=%2Fwp%2Fv2%2Fmedia&parent=164646"}],"wp:term":[{"taxonomy":"category","embeddable":true,"href":"https:\/\/www.fuldaernachrichten.de\/index.php?rest_route=%2Fwp%2Fv2%2Fcategories&post=164646"},{"taxonomy":"post_tag","embeddable":true,"href":"https:\/\/www.fuldaernachrichten.de\/index.php?rest_route=%2Fwp%2Fv2%2Ftags&post=164646"}],"curies":[{"name":"wp","href":"https:\/\/api.w.org\/{rel}","templated":true}]}}