{"id":164640,"date":"2017-06-20T07:26:26","date_gmt":"2017-06-20T05:26:26","guid":{"rendered":"http:\/\/www.fuldaer-nachrichten.de\/?p=164640"},"modified":"2017-06-20T07:26:26","modified_gmt":"2017-06-20T05:26:26","slug":"reading-days-bei-der-kreis-volkshochschule","status":"publish","type":"post","link":"https:\/\/www.fuldaernachrichten.de\/?p=164640","title":{"rendered":"\u201eReading Days\u201c bei der Kreis-Volkshochschule"},"content":{"rendered":"<p>Die Freude am Lesen englischer Texte und die daraus resultierenden Erfolgserlebnisse stehen bei den &#8220;Reading Days&#8221; der Volkshochschule des Landkreises Fulda im Vordergrund. An drei Tagen besch\u00e4ftigen sich die Teilnehmer eines Kurses mit dem Lesen kleiner Lekt\u00fcren, \u00fcber die dann auch gesprochen wird. Beginn ist am Montag, 17. Juli, um 17.15 Uhr im Georg-Stieler-Haus, Gallasiniring 1, in Fulda. Infos und Anmeldung mit Kursnummer VO4060114 unter www.vhs-fulda.de oder telefonisch beim B\u00fcrgerservice (0661)6006-1600. <\/p>\n","protected":false},"excerpt":{"rendered":"<div class=\"tmnf_excerpt\"><p>Die Freude am Lesen englischer Texte und die daraus resultierenden Erfolgserlebnisse stehen bei den &#8220;Reading Days&#8221; der Volkshochschule des Landkreises Fulda im Vordergrund. An drei Tagen besch\u00e4ftigen sich die Teilnehmer eines Kurses mit dem Lesen kleiner Lekt\u00fcren, \u00fcber die dann auch gesprochen wird. Beginn ist am Montag, 17. Juli, um 17.15 Uhr im Georg-Stieler-Haus, Gallasiniring &hellip;<\/p>\n<\/div>","protected":false},"author":1,"featured_media":0,"comment_status":"closed","ping_status":"closed","sticky":false,"template":"","format":"standard","meta":{"footnotes":""},"categories":[1],"tags":[],"class_list":["post-164640","post","type-post","status-publish","format-standard","hentry","category-startseite"],"_links":{"self":[{"href":"https:\/\/www.fuldaernachrichten.de\/index.php?rest_route=\/wp\/v2\/posts\/164640","targetHints":{"allow":["GET"]}}],"collection":[{"href":"https:\/\/www.fuldaernachrichten.de\/index.php?rest_route=\/wp\/v2\/posts"}],"about":[{"href":"https:\/\/www.fuldaernachrichten.de\/index.php?rest_route=\/wp\/v2\/types\/post"}],"author":[{"embeddable":true,"href":"https:\/\/www.fuldaernachrichten.de\/index.php?rest_route=\/wp\/v2\/users\/1"}],"replies":[{"embeddable":true,"href":"https:\/\/www.fuldaernachrichten.de\/index.php?rest_route=%2Fwp%2Fv2%2Fcomments&post=164640"}],"version-history":[{"count":1,"href":"https:\/\/www.fuldaernachrichten.de\/index.php?rest_route=\/wp\/v2\/posts\/164640\/revisions"}],"predecessor-version":[{"id":164655,"href":"https:\/\/www.fuldaernachrichten.de\/index.php?rest_route=\/wp\/v2\/posts\/164640\/revisions\/164655"}],"wp:attachment":[{"href":"https:\/\/www.fuldaernachrichten.de\/index.php?rest_route=%2Fwp%2Fv2%2Fmedia&parent=164640"}],"wp:term":[{"taxonomy":"category","embeddable":true,"href":"https:\/\/www.fuldaernachrichten.de\/index.php?rest_route=%2Fwp%2Fv2%2Fcategories&post=164640"},{"taxonomy":"post_tag","embeddable":true,"href":"https:\/\/www.fuldaernachrichten.de\/index.php?rest_route=%2Fwp%2Fv2%2Ftags&post=164640"}],"curies":[{"name":"wp","href":"https:\/\/api.w.org\/{rel}","templated":true}]}}