{"id":164633,"date":"2017-06-20T07:19:16","date_gmt":"2017-06-20T05:19:16","guid":{"rendered":"http:\/\/www.fuldaer-nachrichten.de\/?p=164633"},"modified":"2017-06-20T07:19:16","modified_gmt":"2017-06-20T05:19:16","slug":"pfarrer-werner-vogel-verstorben-2","status":"publish","type":"post","link":"https:\/\/www.fuldaernachrichten.de\/?p=164633","title":{"rendered":"Pfarrer Werner Vogel verstorben"},"content":{"rendered":"<p>Im 83. Lebensjahr und im 56. Jahr seines Priestertums ist am Dienstag, 13. Juni, in Petersberg OStR a. D. Geistlicher Rat Werner Vogel verstorben.<\/p>\n<p>Vogel wurde am 11. Juni 1935 in Eckweisbach geboren. Die Priesterweihe empfing er am 14. April 1962 nach philosophisch-theologischen Studien in Fulda, Innsbruck und M\u00fcnchen im Fuldaer Dom durch Bischof Dr. Adolf Bolte. Vogel war dann zun\u00e4chst als Kaplan in Hofaschenbach t\u00e4tig und wurde 1964 zum Lehramtsstudium in M\u00fcnchen und Frankfurt beurlaubt. Nach Staats- und Assessorenexamen kam er 1968 als Religions- und Geschichtslehrer sowie Lehrer f\u00fcr Politik ans Fuldaer Domgymnasium, wo er 1970 zum Studienrat ernannt wurde. 1974 erfolgte die Ernennung zum Oberstudienrat. Vogel unterrichtete damals an der Freiherr-vom-Stein-Schule. Von 1979 bis zu seiner Emeritierung im Sommer 1997 wirkte er als Lehrer und Schulseelsorger an der Winfriedschule Fulda. In Anerkennung seiner Verdienste ernannte ihn Erzbischof Dr. Johannes Dyba 1992 zum Geistlichen Rat. Pfarrer Vogel stand als Lehrer immer in einem besonderen Vertrauensverh\u00e4ltnis zu seinen Sch\u00fclern. Als Schulseelsorger war es ihm ein Anliegen, f\u00fcr geistliche Berufungen zu werben, und er freute sich, dass im Laufe der Zeit einige junge M\u00e4nner den Weg ins Priesterseminar fanden und zum Priester geweiht wurden. \u00dcber 40 Jahre gab er Jogaunterricht und gr\u00fcndete vor mehr als einem Vierteljahrhundert den spirituellen Verlag \u201eVia Nova\u201c in Petersberg, mit B\u00fcchern \u00fcber Mystik, Spiritualit\u00e4t und Lebenshilfe aus der christlich-spirituellen Tradition. Angesehen und beliebt waren seine spirituellen Seminare im H\u00fcnfelder Bonifatiuskloster, wohin aus ganz Deutschland Seminarteilnehmer kamen.<\/p>\n<p>Das Requiem f\u00fcr den Verstorbenen findet statt am Donnerstag, 22. Juni, um 13 Uhr in der Klosterkirche am Frauenberg; anschlie\u00dfend ist die Beerdigung auf dem Friedhof am Frauenberg.<\/p>\n","protected":false},"excerpt":{"rendered":"<div class=\"tmnf_excerpt\"><p>Im 83. Lebensjahr und im 56. Jahr seines Priestertums ist am Dienstag, 13. Juni, in Petersberg OStR a. D. Geistlicher Rat Werner Vogel verstorben. Vogel wurde am 11. Juni 1935 in Eckweisbach geboren. Die Priesterweihe empfing er am 14. April 1962 nach philosophisch-theologischen Studien in Fulda, Innsbruck und M\u00fcnchen im Fuldaer Dom durch Bischof Dr. &hellip;<\/p>\n<\/div>","protected":false},"author":1,"featured_media":0,"comment_status":"closed","ping_status":"closed","sticky":false,"template":"","format":"standard","meta":{"footnotes":""},"categories":[1],"tags":[],"class_list":["post-164633","post","type-post","status-publish","format-standard","hentry","category-startseite"],"_links":{"self":[{"href":"https:\/\/www.fuldaernachrichten.de\/index.php?rest_route=\/wp\/v2\/posts\/164633","targetHints":{"allow":["GET"]}}],"collection":[{"href":"https:\/\/www.fuldaernachrichten.de\/index.php?rest_route=\/wp\/v2\/posts"}],"about":[{"href":"https:\/\/www.fuldaernachrichten.de\/index.php?rest_route=\/wp\/v2\/types\/post"}],"author":[{"embeddable":true,"href":"https:\/\/www.fuldaernachrichten.de\/index.php?rest_route=\/wp\/v2\/users\/1"}],"replies":[{"embeddable":true,"href":"https:\/\/www.fuldaernachrichten.de\/index.php?rest_route=%2Fwp%2Fv2%2Fcomments&post=164633"}],"version-history":[{"count":1,"href":"https:\/\/www.fuldaernachrichten.de\/index.php?rest_route=\/wp\/v2\/posts\/164633\/revisions"}],"predecessor-version":[{"id":164637,"href":"https:\/\/www.fuldaernachrichten.de\/index.php?rest_route=\/wp\/v2\/posts\/164633\/revisions\/164637"}],"wp:attachment":[{"href":"https:\/\/www.fuldaernachrichten.de\/index.php?rest_route=%2Fwp%2Fv2%2Fmedia&parent=164633"}],"wp:term":[{"taxonomy":"category","embeddable":true,"href":"https:\/\/www.fuldaernachrichten.de\/index.php?rest_route=%2Fwp%2Fv2%2Fcategories&post=164633"},{"taxonomy":"post_tag","embeddable":true,"href":"https:\/\/www.fuldaernachrichten.de\/index.php?rest_route=%2Fwp%2Fv2%2Ftags&post=164633"}],"curies":[{"name":"wp","href":"https:\/\/api.w.org\/{rel}","templated":true}]}}