{"id":164607,"date":"2017-06-20T07:15:45","date_gmt":"2017-06-20T05:15:45","guid":{"rendered":"http:\/\/www.fuldaer-nachrichten.de\/?p=164607"},"modified":"2017-06-20T07:15:45","modified_gmt":"2017-06-20T05:15:45","slug":"naturpark-hessische-rhoen-wird-50-jahr-alt","status":"publish","type":"post","link":"https:\/\/www.fuldaernachrichten.de\/?p=164607","title":{"rendered":"Naturpark Hessische Rh\u00f6n wird 50 Jahr alt"},"content":{"rendered":"<p>Anl\u00e4sslich des 50-j\u00e4hrigen Bestehens des Naturparks Hessische Rh\u00f6n l\u00e4dt der Landkreis Fulda am Sonntag, 25. Juni, zu einer Jubil\u00e4umsveranstaltung auf dem Wachtk\u00fcppel bei Gersfeld ein<\/p>\n<p>Am 25. Juni 1967 wurde der Naturpark Hessische Rh\u00f6n mit dem Inkrafttreten der Verordnung f\u00fcr das Landschaftsschutzgebiet Hessische Rh\u00f6n offiziell eingerichtet. Der Landkreis Fulda als Tr\u00e4ger des Naturparks m\u00f6chte dieses Datum mit einer \u00f6ffentlichen Feier w\u00fcrdigen und allen Akteuren und Unterst\u00fctzern f\u00fcr ihr Engagement danken. Auch sollen Perspektiven aufgezeigt werden, wie die gemeinsame Arbeit weiterhin erfolgreich fortgesetzt werden kann.<\/p>\n<p>Den Auftakt der Jubil\u00e4umsveranstaltung bildet um 10.30 Uhr ein Gottesdienst mit Pfarrer Friedhelm D\u00e4nner vor der St. Wendelinus-Kapelle. Anschlie\u00dfend geht es in einer kleinen Wanderung mit geologischen Erl\u00e4uterungen von Anna Leonhard zum Wachtk\u00fcppel. Dort findet ab 12.30 Uhr der offizielle Festakt statt, in dessen Rahmen auch ein Gedenkbaum f\u00fcr den langj\u00e4hrigen Gesch\u00e4ftsf\u00fchrer des Naturparks Hessische Rh\u00f6n, Willy Kiefer, gepflanzt wird.<\/p>\n<p>Um 13 Uhr spielt die Stadtkapelle Gersfeld. Um 14 Uhr f\u00fchrt Ranger Georg Sauer rund um den Wachtk\u00fcppel in Richtung Guckaisee. Um 14.30 Uhr treten mit \u201ePlan B\u201c drei original Rh\u00f6ner Musikanten auf. Auch gibt es von 10 bis 17 Uhr ein buntes Rahmenprogramm mit Markt- und Infost\u00e4nden zu den Themen Wandern, Natur, Freizeit und regionale Produkte sowie Unterhaltung f\u00fcr Kinder und Familien. F\u00fcr das leibliche Wohl ist ebenfalls gesorgt.<\/p>\n","protected":false},"excerpt":{"rendered":"<div class=\"tmnf_excerpt\"><p>Anl\u00e4sslich des 50-j\u00e4hrigen Bestehens des Naturparks Hessische Rh\u00f6n l\u00e4dt der Landkreis Fulda am Sonntag, 25. Juni, zu einer Jubil\u00e4umsveranstaltung auf dem Wachtk\u00fcppel bei Gersfeld ein Am 25. Juni 1967 wurde der Naturpark Hessische Rh\u00f6n mit dem Inkrafttreten der Verordnung f\u00fcr das Landschaftsschutzgebiet Hessische Rh\u00f6n offiziell eingerichtet. Der Landkreis Fulda als Tr\u00e4ger des Naturparks m\u00f6chte dieses &hellip;<\/p>\n<\/div>","protected":false},"author":1,"featured_media":164617,"comment_status":"closed","ping_status":"closed","sticky":false,"template":"","format":"standard","meta":{"footnotes":""},"categories":[1],"tags":[],"class_list":["post-164607","post","type-post","status-publish","format-standard","has-post-thumbnail","hentry","category-startseite"],"_links":{"self":[{"href":"https:\/\/www.fuldaernachrichten.de\/index.php?rest_route=\/wp\/v2\/posts\/164607","targetHints":{"allow":["GET"]}}],"collection":[{"href":"https:\/\/www.fuldaernachrichten.de\/index.php?rest_route=\/wp\/v2\/posts"}],"about":[{"href":"https:\/\/www.fuldaernachrichten.de\/index.php?rest_route=\/wp\/v2\/types\/post"}],"author":[{"embeddable":true,"href":"https:\/\/www.fuldaernachrichten.de\/index.php?rest_route=\/wp\/v2\/users\/1"}],"replies":[{"embeddable":true,"href":"https:\/\/www.fuldaernachrichten.de\/index.php?rest_route=%2Fwp%2Fv2%2Fcomments&post=164607"}],"version-history":[{"count":1,"href":"https:\/\/www.fuldaernachrichten.de\/index.php?rest_route=\/wp\/v2\/posts\/164607\/revisions"}],"predecessor-version":[{"id":164618,"href":"https:\/\/www.fuldaernachrichten.de\/index.php?rest_route=\/wp\/v2\/posts\/164607\/revisions\/164618"}],"wp:featuredmedia":[{"embeddable":true,"href":"https:\/\/www.fuldaernachrichten.de\/index.php?rest_route=\/wp\/v2\/media\/164617"}],"wp:attachment":[{"href":"https:\/\/www.fuldaernachrichten.de\/index.php?rest_route=%2Fwp%2Fv2%2Fmedia&parent=164607"}],"wp:term":[{"taxonomy":"category","embeddable":true,"href":"https:\/\/www.fuldaernachrichten.de\/index.php?rest_route=%2Fwp%2Fv2%2Fcategories&post=164607"},{"taxonomy":"post_tag","embeddable":true,"href":"https:\/\/www.fuldaernachrichten.de\/index.php?rest_route=%2Fwp%2Fv2%2Ftags&post=164607"}],"curies":[{"name":"wp","href":"https:\/\/api.w.org\/{rel}","templated":true}]}}