{"id":164606,"date":"2017-06-20T07:17:07","date_gmt":"2017-06-20T05:17:07","guid":{"rendered":"http:\/\/www.fuldaer-nachrichten.de\/?p=164606"},"modified":"2017-06-20T07:17:07","modified_gmt":"2017-06-20T05:17:07","slug":"klaus-dieter-rucht-aus-arzell-sieger-beim-hessenquiz","status":"publish","type":"post","link":"https:\/\/www.fuldaernachrichten.de\/?p=164606","title":{"rendered":"Klaus-Dieter Rucht aus Arzell Sieger beim Hessenquiz"},"content":{"rendered":"<p>Vom Zuschauer zum Studiogast, Mitspieler und schlie\u00dflich Gewinner wurde Klaus-Dieter Rucht beim Hessenquiz, das sonntagabends um 21.45 Uhr im dritten Fernsehprogramm des Hessischen Rundfunks ausgestrahlt wird. Der 53-j\u00e4hrige Amtsinspektor aus dem Eiterfelder Ortsteil Arzell ist im Fachdienst Bauen und Wohnen der Kreisverwaltung f\u00fcr den vorbeugenden Brandschutz zust\u00e4ndig und darf sich jetzt \u00fcber einen einw\u00f6chigen Cluburlaub mit seiner Frau im September in Andalusien freuen.<\/p>\n<p>Klaus-Dieter Rucht verfolgt das Hessenquiz regelm\u00e4\u00dfig und konnte sich in der Vergangenheit so manchen Seitenhieb nicht verkneifen, wenn ein Mitwirkender wieder einmal falsch gelegen hatte. Dies nahm Ehefrau Petra bei einem Studiobesuch im vergangenen Juli in Frankfurt, als verschiedene Ausgaben der beliebten Ratesendung aufgezeichnet wurden, zum Anlass, um \u2013 zun\u00e4chst ohne Wissens ihres Mannes \u2013 ein Bewerberk\u00e4rtchen in eine der aufgestellte Boxen zu werfen. Wenige Wochen sp\u00e4ter traf die Einladung zum Casting ein, bei dem Klaus-Dieter Rucht unter rund 50 Kandidaten ausgew\u00e4hlt wurde. Als eine der Aufgaben musste der Arzeller unter anderem das M\u00e4rchen vom Rotk\u00e4ppchen in die Gegenwart und in die Rh\u00f6n \u00fcbertragen.<\/p>\n<p>Am 27. November war es dann soweit. Bevor jedoch Klaus-Dieter Rucht mit drei Mitbewerbern vor die Fernsehkameras trat, musste ein f\u00fcnfst\u00fcndiger Vorlauf absolviert werden, wozu Maske, Tonprobe, Kleiderauswahl, Regieanweisungen und das Kennenlernen von Moderator J\u00f6rg Bombach geh\u00f6rten. In dem f\u00fcr einen sp\u00e4teren Sendetermin aufgezeichneten Hessenquiz wurden drei Runden mit jeweils f\u00fcnf Fragen gespielt. Der Kreismitarbeiter konnte davon 13 Fragen beantworten, was ihm den Sieg mit einer vergleichsweise hohen Punktzahl einbrachte. Nur bei Hessens westlichstem Gebirge und der fr\u00fcheren Verbreitung von Reuters-Meldungen musste er passen.<\/p>\n<p>Als es um die hessenweit h\u00f6chste Erfassungsquoten von Verpackungsabf\u00e4llen ging, entschied sich Klaus-Dieter Rucht sogar gegen das Votum der Zuschauer und lag mit dem Landkreis Kassel richtig. Zur Unterst\u00fctzung durfte der sp\u00e4tere Quizsieger 15 Zuschauer mitbringen, die um Stillschweigen \u00fcber sein Abschneiden bis zum Sendetermin am 21. Mai gebeten wurden. Sp\u00e4testens seitdem verbreitet sich die Nachricht aber wie ein Lauffeuert, und Rucht kann sich vor Gratulationen auch der Kollegen im Landratsamt kaum retten. Gefeiert wurde gleich nach der R\u00fcckkehr aus Frankfurt zu Hause in Arzell. Im heimischen Wohnzimmer steht die Siegestroph\u00e4e jetzt neben den Auszeichnungen, die er als Sportsch\u00fctze errungen hat.<\/p>\n<p>Obwohl Klaus-Dieter Rucht Erfahrung mit \u00f6ffentlichen Auftritten als langj\u00e4hriger Fastnachter beim TSV Arzell und in der Eiterfelder Kommunalpolitik hat, verhehlt er nicht, eine gewisse Anspannung versp\u00fcrt zu haben. \u201eWer will sich schon vor einem Millionenpublikum blamieren?\u201c In Sekundenschnelle antworten zu m\u00fcssen, sei etwas ganz anderes, als auf dem Sofa in Ruhe nachdenken zu k\u00f6nnen. Auf alle F\u00e4lle m\u00fcsse man sich gr\u00fcndlich vorbereiten. So hat auch Klaus-Dieter Rucht vor der Sendung jede freie Minute genutzt, um sein Wissen \u00fcber Hessen mit Hilfe von B\u00fcchern und Internet aufzufrischen. Das d\u00fcrfte aber immer noch nicht ausreichen, wenn jemand auf den Gedanken kommen sollte, ihn bei G\u00fcnther Jauch und \u201eWer wird Million\u00e4r\u201c anzumelden.<\/p>\n","protected":false},"excerpt":{"rendered":"<div class=\"tmnf_excerpt\"><p>Vom Zuschauer zum Studiogast, Mitspieler und schlie\u00dflich Gewinner wurde Klaus-Dieter Rucht beim Hessenquiz, das sonntagabends um 21.45 Uhr im dritten Fernsehprogramm des Hessischen Rundfunks ausgestrahlt wird. Der 53-j\u00e4hrige Amtsinspektor aus dem Eiterfelder Ortsteil Arzell ist im Fachdienst Bauen und Wohnen der Kreisverwaltung f\u00fcr den vorbeugenden Brandschutz zust\u00e4ndig und darf sich jetzt \u00fcber einen einw\u00f6chigen Cluburlaub &hellip;<\/p>\n<\/div>","protected":false},"author":1,"featured_media":164616,"comment_status":"closed","ping_status":"closed","sticky":false,"template":"","format":"standard","meta":{"footnotes":""},"categories":[1],"tags":[],"class_list":["post-164606","post","type-post","status-publish","format-standard","has-post-thumbnail","hentry","category-startseite"],"_links":{"self":[{"href":"https:\/\/www.fuldaernachrichten.de\/index.php?rest_route=\/wp\/v2\/posts\/164606","targetHints":{"allow":["GET"]}}],"collection":[{"href":"https:\/\/www.fuldaernachrichten.de\/index.php?rest_route=\/wp\/v2\/posts"}],"about":[{"href":"https:\/\/www.fuldaernachrichten.de\/index.php?rest_route=\/wp\/v2\/types\/post"}],"author":[{"embeddable":true,"href":"https:\/\/www.fuldaernachrichten.de\/index.php?rest_route=\/wp\/v2\/users\/1"}],"replies":[{"embeddable":true,"href":"https:\/\/www.fuldaernachrichten.de\/index.php?rest_route=%2Fwp%2Fv2%2Fcomments&post=164606"}],"version-history":[{"count":1,"href":"https:\/\/www.fuldaernachrichten.de\/index.php?rest_route=\/wp\/v2\/posts\/164606\/revisions"}],"predecessor-version":[{"id":164623,"href":"https:\/\/www.fuldaernachrichten.de\/index.php?rest_route=\/wp\/v2\/posts\/164606\/revisions\/164623"}],"wp:featuredmedia":[{"embeddable":true,"href":"https:\/\/www.fuldaernachrichten.de\/index.php?rest_route=\/wp\/v2\/media\/164616"}],"wp:attachment":[{"href":"https:\/\/www.fuldaernachrichten.de\/index.php?rest_route=%2Fwp%2Fv2%2Fmedia&parent=164606"}],"wp:term":[{"taxonomy":"category","embeddable":true,"href":"https:\/\/www.fuldaernachrichten.de\/index.php?rest_route=%2Fwp%2Fv2%2Fcategories&post=164606"},{"taxonomy":"post_tag","embeddable":true,"href":"https:\/\/www.fuldaernachrichten.de\/index.php?rest_route=%2Fwp%2Fv2%2Ftags&post=164606"}],"curies":[{"name":"wp","href":"https:\/\/api.w.org\/{rel}","templated":true}]}}