{"id":164605,"date":"2017-06-20T07:14:42","date_gmt":"2017-06-20T05:14:42","guid":{"rendered":"http:\/\/www.fuldaer-nachrichten.de\/?p=164605"},"modified":"2017-06-20T07:14:42","modified_gmt":"2017-06-20T05:14:42","slug":"20-jahre-keyboard-ensemble-der-lebenshilfe-in-der-musikschule-fulda","status":"publish","type":"post","link":"https:\/\/www.fuldaernachrichten.de\/?p=164605","title":{"rendered":"20 Jahre Keyboard-Ensemble der Lebenshilfe in der Musikschule Fulda"},"content":{"rendered":"<p><a href=\"http:\/\/www.fuldaer-nachrichten.de\/wp-content\/uploads\/2017\/06\/20170617_154938.jpg\"><img decoding=\"async\" class=\"alignleft size-thumbnail wp-image-164614\" src=\"http:\/\/www.fuldaer-nachrichten.de\/wp-content\/uploads\/2017\/06\/20170617_154938-265x149.jpg\" alt=\"\" width=\"265\" height=\"149\" srcset=\"https:\/\/www.fuldaernachrichten.de\/wp-content\/uploads\/2017\/06\/20170617_154938-265x149.jpg 265w, https:\/\/www.fuldaernachrichten.de\/wp-content\/uploads\/2017\/06\/20170617_154938-768x432.jpg 768w, https:\/\/www.fuldaernachrichten.de\/wp-content\/uploads\/2017\/06\/20170617_154938-600x337.jpg 600w, https:\/\/www.fuldaernachrichten.de\/wp-content\/uploads\/2017\/06\/20170617_154938.jpg 900w\" sizes=\"(max-width: 265px) 100vw, 265px\" \/><\/a>Die Musikschule der Stadt Fulda \u00f6ffnete am vergangenen Samstag f\u00fcr die zahlreichen G\u00e4ste ihre T\u00fcren: Familien und Freunde der Musiker aus dem Keyboard-Ensemble der Lebenshilfe Fulda-H\u00fcnfeld e.V. waren gekommen, um gemeinsam zu feiern: Vor zwanzig Jahren hatten die ersten Proben des Ensembles stattgefunden.<\/p>\n<p>Bei der Begr\u00fc\u00dfung betonte die Ensembleleiterin Hilda Wiens die Wichtigkeit des gemeinsamen Musizierens: &#8220;Zusammen k\u00f6nnen wir mehr.\u201c Unter diesem Motto haben viele Menschen zum Bestehen der Gruppe beigetragen &#8211; Vereinsmitglieder, Helfer, Familienmitglieder und Freunde. F\u00fcr das Jubil\u00e4umskonzert w\u00e4hlten die Teilnehmer ihre Lieblingsst\u00fccke aus: passend zum Thema Sommer, Ferien und Feiern. Mit viel Hingabe und Freude am gemeinsamen Musizieren wurden Hits von Abba, Cascada, Fun Factory, Michele del Baldo und Peter Maffay vorgetragen, unterst\u00fctzt von den Sch\u00fclern der Musikschule Evelyn Holzinger (Oboe) und Felix Hohmann (Schlagzeug). Auch Klaus Schenk (Schlagzeug), Lehrer der Musikschule der Stadt Fulda, und Musikschulleiterin Natalya Oldenburg (Violine) m\u00f6chten k\u00fcnftig die Zusammenarbeit des Ensembles mit anderen Musikern st\u00e4rken.<\/p>\n<p>Der Vereinsvorsitzende der Lebenshilfe Fulda-H\u00fcnfeld, Rainer Bub, gratulierte allen Beteiligten; folgende Musiker, die bereits seit 20 Jahren dabei sind, wurden mit Urkunden ausgezeichnet: Sascha Bub, Werner Hahn, Johanna Silke, Florian Heinrich, Sabine Helmerich, Steffen Zentgraf, Karin Sauer und Ursula G\u00f6rlich. Alle freuen sich auf viele weitere Konzerte und gemeinsame Projekte.<\/p>\n<p>Nach dem Konzert konnten sich alle G\u00e4ste und Teilnehmer beim kleinen Empfang \u00fcber ihre Erfahrungen, Erinnerungen und weiteren Pl\u00e4ne austauschen, denn bereits im Juli wird das Ensemble beim Sommerfest in Welkers und im September beim Musikschulfest erneut auftreten.<\/p>\n","protected":false},"excerpt":{"rendered":"<div class=\"tmnf_excerpt\"><p>Die Musikschule der Stadt Fulda \u00f6ffnete am vergangenen Samstag f\u00fcr die zahlreichen G\u00e4ste ihre T\u00fcren: Familien und Freunde der Musiker aus dem Keyboard-Ensemble der Lebenshilfe Fulda-H\u00fcnfeld e.V. waren gekommen, um gemeinsam zu feiern: Vor zwanzig Jahren hatten die ersten Proben des Ensembles stattgefunden. Bei der Begr\u00fc\u00dfung betonte die Ensembleleiterin Hilda Wiens die Wichtigkeit des gemeinsamen &hellip;<\/p>\n<\/div>","protected":false},"author":1,"featured_media":164613,"comment_status":"closed","ping_status":"closed","sticky":false,"template":"","format":"standard","meta":{"footnotes":""},"categories":[1],"tags":[],"class_list":["post-164605","post","type-post","status-publish","format-standard","has-post-thumbnail","hentry","category-startseite"],"_links":{"self":[{"href":"https:\/\/www.fuldaernachrichten.de\/index.php?rest_route=\/wp\/v2\/posts\/164605","targetHints":{"allow":["GET"]}}],"collection":[{"href":"https:\/\/www.fuldaernachrichten.de\/index.php?rest_route=\/wp\/v2\/posts"}],"about":[{"href":"https:\/\/www.fuldaernachrichten.de\/index.php?rest_route=\/wp\/v2\/types\/post"}],"author":[{"embeddable":true,"href":"https:\/\/www.fuldaernachrichten.de\/index.php?rest_route=\/wp\/v2\/users\/1"}],"replies":[{"embeddable":true,"href":"https:\/\/www.fuldaernachrichten.de\/index.php?rest_route=%2Fwp%2Fv2%2Fcomments&post=164605"}],"version-history":[{"count":1,"href":"https:\/\/www.fuldaernachrichten.de\/index.php?rest_route=\/wp\/v2\/posts\/164605\/revisions"}],"predecessor-version":[{"id":164615,"href":"https:\/\/www.fuldaernachrichten.de\/index.php?rest_route=\/wp\/v2\/posts\/164605\/revisions\/164615"}],"wp:featuredmedia":[{"embeddable":true,"href":"https:\/\/www.fuldaernachrichten.de\/index.php?rest_route=\/wp\/v2\/media\/164613"}],"wp:attachment":[{"href":"https:\/\/www.fuldaernachrichten.de\/index.php?rest_route=%2Fwp%2Fv2%2Fmedia&parent=164605"}],"wp:term":[{"taxonomy":"category","embeddable":true,"href":"https:\/\/www.fuldaernachrichten.de\/index.php?rest_route=%2Fwp%2Fv2%2Fcategories&post=164605"},{"taxonomy":"post_tag","embeddable":true,"href":"https:\/\/www.fuldaernachrichten.de\/index.php?rest_route=%2Fwp%2Fv2%2Ftags&post=164605"}],"curies":[{"name":"wp","href":"https:\/\/api.w.org\/{rel}","templated":true}]}}