{"id":164589,"date":"2017-06-17T08:43:04","date_gmt":"2017-06-17T06:43:04","guid":{"rendered":"http:\/\/www.fuldaer-nachrichten.de\/?p=164589"},"modified":"2017-06-17T08:43:04","modified_gmt":"2017-06-17T06:43:04","slug":"fahrradwallfahrt-der-kolpingjugend-fulda-entlang-des-jakobswegs-von-fulda-nach-mainz","status":"publish","type":"post","link":"https:\/\/www.fuldaernachrichten.de\/?p=164589","title":{"rendered":"Fahrradwallfahrt der Kolpingjugend Fulda entlang des Jakobswegs von Fulda nach Mainz"},"content":{"rendered":"<p>Drei Tage lang gem\u00fctlich durch die Natur radeln und im gleichen Zug spirituelle Kraft tanken \u2013 dieses Vergn\u00fcgen hatten 10 Teilnehmer bei der Fahrradwallfahrt \u201ePilgern mit Pedalen\u201c der Kolpingjugend im Di\u00f6zesanverband Fulda.<\/p>\n<p>Der Radweg R3 f\u00fchrte die Radler von Fulda nach Mainz entlang des Jakobswegs durch viele abwechslungsreiche Gegenden\u00e2\u20ac\u00a6 die Strecke mit einer Gesamtl\u00e4nge von ca. 170 km wurde w\u00e4hrend der Fahrt nie langweilig.<\/p>\n<p>Der erste Tag begann mit einer kleinen Andacht vor dem Fuldaer Dom, welche stimmungsvoll mit Gesang und einem Pilgersegen von Di\u00f6zesanjugendpfarrer Alexander Best umrahmt wurde.<br \/>\nDas sperrige Gep\u00e4ck wurde in einen Van verladen, der die Wallfahrt w\u00e4hrend der ganzen Zeit begleitete.<\/p>\n<p>Tagesziel war Steinau an der Stra\u00dfe, welches ca. 40 km entfernt war. Kurz hinter Fulda \u00fcberraschte die Gruppe ein heftiger Regenguss, welcher die gute Laune jedoch keineswegs \u201ewegsp\u00fclte\u201c.<\/p>\n<p>Beim ersten Zwischenstopp an der Kirche in Flieden gab es ein Picknick und die Kirche wurde von innen besichtigt.<\/p>\n<p>In  Steinau an der Stra\u00dfe ging es zuerst ins Freibad, doch der Aufenthalt dort endete schneller als gedacht, als ein heftiges Gewitter \u00fcber Steinau herzog. Anschlie\u00dfend ging es als finale Etappe des Tages zum Pfarrheim, welches in dieser Nacht die Unterkunft war. Ein leckeres und reichhaltiges Abendessen, der Besuch einer Weinbar und ein Abendimpuls bildeten den Abschluss eines ereignisreichen Tages.<\/p>\n<p>Am Samstagmorgen versprach strahlender Sonnenschein einen tollen Tag und das Fr\u00fchst\u00fcck konnte drau\u00dfen stattfinden. Als ruhigen, spirituellen Anfang des Tagesprogramms gab es einen Impuls zum Thema Schubladendenken.<\/p>\n<p>Gegen 10 Uhr begann die zweite Tour, welche bis nach Offenbach f\u00fchrte. Diese Strecke betrug ca. 70 km und war somit auch die l\u00e4ngste Tagestour des gesamten Radpilgerns.<br \/>\nErster Zwischenstopp war Gelnhausen, wo wie bei jedem Stopp der Transporter bereits mit Verpflegung wartete. <\/p>\n<p>Ausgeruht und voller Motivation ging es Kilometer f\u00fcr Kilometer weiter, dem zweiten Ziel entgegen, dem kleinen Ort Erlensee. Sehr passend zu dem wundervollen Wetter wurde ein Eis spendiert, welches im Schatten der Kirche wunderbar schmeckte. Ein letztes Mal f\u00fcr diesen Tag wurden die Kr\u00e4fte mobilisiert f\u00fcr die finale Etappe nach Offenbach, die durch gr\u00fcne Wiesen und mit einer F\u00e4hre \u00fcber den Main f\u00fchrte.<\/p>\n<p>Ein weiteres Highlight war die Fahrt an der wundersch\u00f6nen und lebhaften Uferpromenade des Mains entlang mit der atemberaubenden Skyline von Frankfurt.<\/p>\n<p>Durch den Stadtverkehr Offenbachs ging es zum n\u00e4chsten \u00dcbernachtungsstopp ins Kolpinghaus, in welchem das Kolpingwerk DV Mainz seinen Sitz hat. Waldschwimmbad, Pizzeria und Eis essen bildeten den gem\u00fctlichen Teil des Abends.<\/p>\n<p>Nachdenklich wurde es bei einer Geschichte \u00fcber nicht erreichte Ziele. In stiller Arbeit wurde von jedem ein Brief an sich selbst verfasst, in dem man seine Ziele, W\u00fcnsche und Erwartungen f\u00fcr den Rest des Jahres schildern konnte.<\/p>\n<p>Nach einem leckeren Fr\u00fchst\u00fcck ging es weiter zum Ziel der Tour, Mainz.<\/p>\n<p>Die ca. 50 km Radweg vergingen wie im Flug und nach etwa der H\u00e4lfte der Strecke gab es in einem kleinen Ort am Rhein eine Reflexion \u00fcber die gesamte Fahrt.<br \/>\n\u00dcber Weinberge hinweg und schlie\u00dflich \u00fcber den Rhein verlief der Weg bis zum Ziel Mainz.<br \/>\nDom, Fastnachtsbrunnen, Marktplatz und die beste Eisdiele der Stadt waren mit dem Rad mobil und flexibel erreichbar.<\/p>\n<p>Zur\u00fcck ging es mit der Regionalbahn nach Fulda.<\/p>\n<p>Damit endete ein ereignisreiches Wochenende, welches es schaffte, die perfekte Balance aus sportlicher Bet\u00e4tigung, geistlicher Begleitung und gem\u00fctlichem Beisammensein zu bilden.<\/p>\n","protected":false},"excerpt":{"rendered":"<div class=\"tmnf_excerpt\"><p>Drei Tage lang gem\u00fctlich durch die Natur radeln und im gleichen Zug spirituelle Kraft tanken \u2013 dieses Vergn\u00fcgen hatten 10 Teilnehmer bei der Fahrradwallfahrt \u201ePilgern mit Pedalen\u201c der Kolpingjugend im Di\u00f6zesanverband Fulda. Der Radweg R3 f\u00fchrte die Radler von Fulda nach Mainz entlang des Jakobswegs durch viele abwechslungsreiche Gegenden\u00e2\u20ac\u00a6 die Strecke mit einer Gesamtl\u00e4nge von &hellip;<\/p>\n<\/div>","protected":false},"author":1,"featured_media":164595,"comment_status":"closed","ping_status":"closed","sticky":false,"template":"","format":"standard","meta":{"footnotes":""},"categories":[1],"tags":[],"class_list":["post-164589","post","type-post","status-publish","format-standard","has-post-thumbnail","hentry","category-startseite"],"_links":{"self":[{"href":"https:\/\/www.fuldaernachrichten.de\/index.php?rest_route=\/wp\/v2\/posts\/164589","targetHints":{"allow":["GET"]}}],"collection":[{"href":"https:\/\/www.fuldaernachrichten.de\/index.php?rest_route=\/wp\/v2\/posts"}],"about":[{"href":"https:\/\/www.fuldaernachrichten.de\/index.php?rest_route=\/wp\/v2\/types\/post"}],"author":[{"embeddable":true,"href":"https:\/\/www.fuldaernachrichten.de\/index.php?rest_route=\/wp\/v2\/users\/1"}],"replies":[{"embeddable":true,"href":"https:\/\/www.fuldaernachrichten.de\/index.php?rest_route=%2Fwp%2Fv2%2Fcomments&post=164589"}],"version-history":[{"count":1,"href":"https:\/\/www.fuldaernachrichten.de\/index.php?rest_route=\/wp\/v2\/posts\/164589\/revisions"}],"predecessor-version":[{"id":164596,"href":"https:\/\/www.fuldaernachrichten.de\/index.php?rest_route=\/wp\/v2\/posts\/164589\/revisions\/164596"}],"wp:featuredmedia":[{"embeddable":true,"href":"https:\/\/www.fuldaernachrichten.de\/index.php?rest_route=\/wp\/v2\/media\/164595"}],"wp:attachment":[{"href":"https:\/\/www.fuldaernachrichten.de\/index.php?rest_route=%2Fwp%2Fv2%2Fmedia&parent=164589"}],"wp:term":[{"taxonomy":"category","embeddable":true,"href":"https:\/\/www.fuldaernachrichten.de\/index.php?rest_route=%2Fwp%2Fv2%2Fcategories&post=164589"},{"taxonomy":"post_tag","embeddable":true,"href":"https:\/\/www.fuldaernachrichten.de\/index.php?rest_route=%2Fwp%2Fv2%2Ftags&post=164589"}],"curies":[{"name":"wp","href":"https:\/\/api.w.org\/{rel}","templated":true}]}}