{"id":164569,"date":"2017-06-17T08:38:43","date_gmt":"2017-06-17T06:38:43","guid":{"rendered":"http:\/\/www.fuldaer-nachrichten.de\/?p=164569"},"modified":"2017-06-17T08:38:43","modified_gmt":"2017-06-17T06:38:43","slug":"vortrag-die-milseburg-und-ihr-umfeld-in-keltischer-zeit","status":"publish","type":"post","link":"https:\/\/www.fuldaernachrichten.de\/?p=164569","title":{"rendered":"Vortrag \u201eDie Milseburg und ihr Umfeld in keltischer Zeit\u201c"},"content":{"rendered":"<p>Im Rahmen der Veranstaltungsreihe \u201eForum im Foyer\u201c laden die Ulstertalschule Hilders und das Biosph\u00e4renreservat am Mittwoch, 21.06.2017, um 19.30 Uhr zum Vortrag \u201eDie Milseburg und ihr Umfeld in keltischer Zeit\u201c ein. Kreisarch\u00e4ologe Dr. Frank Verse wird<br \/>\neinen Einblick in das Leben der Kelten vom 8. bis 1. Jahrhundert v. Chr. geben. Ein bedeutender Zentralort dieser Zeit war die Milseburg, die mit \u00fcber 45 ha umwehrter Fl\u00e4che die gr\u00f6\u00dfte keltische Siedlung der Rh\u00f6n war. Dabei war sie nicht nur eine bedeutende Ansiedlung, sondern auch kulturelles und wirtschaftliches Zentrum der Region mit weitreichenden Kontakten und Handelsbeziehungen. Im Mittelpunkt des Vortrags stehen die aktuellen Grabungsergebnisse der letzten Jahre, die zu spannenden neuen Erkenntnissen rund um die Milseburg gef\u00fchrt haben. Insbesondere konnte auf Grund der neuen Funde die Besiedelungszeit auf dem Berg neu datiert werden.<\/p>\n<p>Dauer des Vortrags ca. 60 Minuten; anschlie\u00dfend besteht die M\u00f6glichkeit zum Gespr\u00e4ch.<br \/>\nDer Eintritt ist frei.<\/p>\n<p>Die Veranstaltung findet im Foyer der Ulstertalschule Hilders, Stielerstr. 1-5, 36115 Hilders, statt.<\/p>\n","protected":false},"excerpt":{"rendered":"<div class=\"tmnf_excerpt\"><p>Im Rahmen der Veranstaltungsreihe \u201eForum im Foyer\u201c laden die Ulstertalschule Hilders und das Biosph\u00e4renreservat am Mittwoch, 21.06.2017, um 19.30 Uhr zum Vortrag \u201eDie Milseburg und ihr Umfeld in keltischer Zeit\u201c ein. Kreisarch\u00e4ologe Dr. Frank Verse wird einen Einblick in das Leben der Kelten vom 8. bis 1. Jahrhundert v. Chr. geben. Ein bedeutender Zentralort dieser &hellip;<\/p>\n<\/div>","protected":false},"author":1,"featured_media":164577,"comment_status":"closed","ping_status":"closed","sticky":false,"template":"","format":"standard","meta":{"footnotes":""},"categories":[1],"tags":[],"class_list":["post-164569","post","type-post","status-publish","format-standard","has-post-thumbnail","hentry","category-startseite"],"_links":{"self":[{"href":"https:\/\/www.fuldaernachrichten.de\/index.php?rest_route=\/wp\/v2\/posts\/164569","targetHints":{"allow":["GET"]}}],"collection":[{"href":"https:\/\/www.fuldaernachrichten.de\/index.php?rest_route=\/wp\/v2\/posts"}],"about":[{"href":"https:\/\/www.fuldaernachrichten.de\/index.php?rest_route=\/wp\/v2\/types\/post"}],"author":[{"embeddable":true,"href":"https:\/\/www.fuldaernachrichten.de\/index.php?rest_route=\/wp\/v2\/users\/1"}],"replies":[{"embeddable":true,"href":"https:\/\/www.fuldaernachrichten.de\/index.php?rest_route=%2Fwp%2Fv2%2Fcomments&post=164569"}],"version-history":[{"count":1,"href":"https:\/\/www.fuldaernachrichten.de\/index.php?rest_route=\/wp\/v2\/posts\/164569\/revisions"}],"predecessor-version":[{"id":164578,"href":"https:\/\/www.fuldaernachrichten.de\/index.php?rest_route=\/wp\/v2\/posts\/164569\/revisions\/164578"}],"wp:featuredmedia":[{"embeddable":true,"href":"https:\/\/www.fuldaernachrichten.de\/index.php?rest_route=\/wp\/v2\/media\/164577"}],"wp:attachment":[{"href":"https:\/\/www.fuldaernachrichten.de\/index.php?rest_route=%2Fwp%2Fv2%2Fmedia&parent=164569"}],"wp:term":[{"taxonomy":"category","embeddable":true,"href":"https:\/\/www.fuldaernachrichten.de\/index.php?rest_route=%2Fwp%2Fv2%2Fcategories&post=164569"},{"taxonomy":"post_tag","embeddable":true,"href":"https:\/\/www.fuldaernachrichten.de\/index.php?rest_route=%2Fwp%2Fv2%2Ftags&post=164569"}],"curies":[{"name":"wp","href":"https:\/\/api.w.org\/{rel}","templated":true}]}}