{"id":164526,"date":"2017-06-17T08:29:40","date_gmt":"2017-06-17T06:29:40","guid":{"rendered":"http:\/\/www.fuldaer-nachrichten.de\/?p=164526"},"modified":"2017-06-17T08:29:40","modified_gmt":"2017-06-17T06:29:40","slug":"bistum-fulda-leistet-20-000-euro-soforthilfe-fuer-ostafrika","status":"publish","type":"post","link":"https:\/\/www.fuldaernachrichten.de\/?p=164526","title":{"rendered":"Bistum Fulda leistet 20.000 Euro Soforthilfe f\u00fcr Ostafrika"},"content":{"rendered":"<p>Das Bistum Fulda hat aus seinem Katastrophenfonds 20.000 Euro als Soforthilfe zur Finanzierung von Hilfsma\u00dfnahmen in der humanit\u00e4ren Trag\u00f6die im Ostafrika zur Verf\u00fcgung gestellt. Der Betrag wurde an die Caritas in Freiburg \u00fcberwiesen. Mit der Geldhilfe soll ein Zeichen der Solidarit\u00e4t mit den wegen einer gro\u00dfen D\u00fcrre und Hungersnot leidenden Menschen in dieser Region gesetzt und konkrete Hilfe geleistet werden.<\/p>\n<p>In Ostafrika, in den L\u00e4ndern \u00c4thiopien, Somalia, dem S\u00fcdsudan und Kenia, sind mehr als 20 Millionen Menschen auf humanit\u00e4re Hilfe angewiesen. Das sind in etwa so viele Menschen wie in Baden-W\u00fcrttemberg und Bayern zusammen. Viele leiden unter Hunger und k\u00e4mpfen um ihr \u00dcberleben: eine humanit\u00e4re Katastrophe, die nicht einfach \u00fcber Nacht hereinbrach, sondern die sich schleichend entwickelt hat. Caritas international und andere Hilfsorganisationen haben schon lange gewarnt und Vieles unternommen, um Menschen das \u00dcberleben zu sichern und die Not zu lindern. Doch die Hilfen reichen l\u00e4ngst nicht aus.<\/p>\n<p>Allein im S\u00fcdsudan sind mehr als f\u00fcnf Millionen, in Somalia mehr als sechs Millionen Menschen betroffen, die an extremem Hunger leiden. Besonders schlimm ist die Situation f\u00fcr Kinder, schwangere und stillende Frauen sowie f\u00fcr alte Menschen. Allein in Somalia sind 360.000 Kinder vom Hungertod bedroht. In beiden L\u00e4ndern toben zudem B\u00fcrgerkriege, die die D\u00fcrre und die Not der Menschen noch verst\u00e4rken. Die Gewalt h\u00e4lt die Bauern davon ab, ihre \u00c4cker zu bestellen.<\/p>\n","protected":false},"excerpt":{"rendered":"<div class=\"tmnf_excerpt\"><p>Das Bistum Fulda hat aus seinem Katastrophenfonds 20.000 Euro als Soforthilfe zur Finanzierung von Hilfsma\u00dfnahmen in der humanit\u00e4ren Trag\u00f6die im Ostafrika zur Verf\u00fcgung gestellt. Der Betrag wurde an die Caritas in Freiburg \u00fcberwiesen. Mit der Geldhilfe soll ein Zeichen der Solidarit\u00e4t mit den wegen einer gro\u00dfen D\u00fcrre und Hungersnot leidenden Menschen in dieser Region gesetzt &hellip;<\/p>\n<\/div>","protected":false},"author":1,"featured_media":0,"comment_status":"closed","ping_status":"closed","sticky":false,"template":"","format":"standard","meta":{"footnotes":""},"categories":[1],"tags":[],"class_list":["post-164526","post","type-post","status-publish","format-standard","hentry","category-startseite"],"_links":{"self":[{"href":"https:\/\/www.fuldaernachrichten.de\/index.php?rest_route=\/wp\/v2\/posts\/164526","targetHints":{"allow":["GET"]}}],"collection":[{"href":"https:\/\/www.fuldaernachrichten.de\/index.php?rest_route=\/wp\/v2\/posts"}],"about":[{"href":"https:\/\/www.fuldaernachrichten.de\/index.php?rest_route=\/wp\/v2\/types\/post"}],"author":[{"embeddable":true,"href":"https:\/\/www.fuldaernachrichten.de\/index.php?rest_route=\/wp\/v2\/users\/1"}],"replies":[{"embeddable":true,"href":"https:\/\/www.fuldaernachrichten.de\/index.php?rest_route=%2Fwp%2Fv2%2Fcomments&post=164526"}],"version-history":[{"count":1,"href":"https:\/\/www.fuldaernachrichten.de\/index.php?rest_route=\/wp\/v2\/posts\/164526\/revisions"}],"predecessor-version":[{"id":164529,"href":"https:\/\/www.fuldaernachrichten.de\/index.php?rest_route=\/wp\/v2\/posts\/164526\/revisions\/164529"}],"wp:attachment":[{"href":"https:\/\/www.fuldaernachrichten.de\/index.php?rest_route=%2Fwp%2Fv2%2Fmedia&parent=164526"}],"wp:term":[{"taxonomy":"category","embeddable":true,"href":"https:\/\/www.fuldaernachrichten.de\/index.php?rest_route=%2Fwp%2Fv2%2Fcategories&post=164526"},{"taxonomy":"post_tag","embeddable":true,"href":"https:\/\/www.fuldaernachrichten.de\/index.php?rest_route=%2Fwp%2Fv2%2Ftags&post=164526"}],"curies":[{"name":"wp","href":"https:\/\/api.w.org\/{rel}","templated":true}]}}